{"id":36053,"date":"2022-11-04T15:56:19","date_gmt":"2022-11-04T19:56:19","guid":{"rendered":"https:\/\/jms.com.bo\/mediamonitor\/2022\/11\/04\/avicolas-advierten-desabastecimiento-de-pollo-y-piden-al-gobierno-que-sus-afines-levanten-el-cerco\/"},"modified":"2022-11-04T15:56:19","modified_gmt":"2022-11-04T19:56:19","slug":"avicolas-advierten-desabastecimiento-de-pollo-y-piden-al-gobierno-que-sus-afines-levanten-el-cerco","status":"publish","type":"post","link":"https:\/\/jms.com.bo\/mediamonitor\/2022\/11\/04\/avicolas-advierten-desabastecimiento-de-pollo-y-piden-al-gobierno-que-sus-afines-levanten-el-cerco\/","title":{"rendered":"Av\u00edcolas advierten desabastecimiento de pollo y piden al Gobierno que sus afines levanten el cerco"},"content":{"rendered":"<p style=\"text-align: justify;\">La Asociaci\u00f3n de Avicultores de Santa Cruz (ADA) se declar\u00f3 en emergencia y asegur\u00f3 que llegaron a un estado de insostenibilidad que provocar\u00eda un desabastecimiento de la carne de pollo y sus derivados en todos los mercados del pa\u00eds; el sector pidi\u00f3 al Gobierno que ordene que levanten el cerco a la regi\u00f3n cruce\u00f1a que sus sectores afines instalaron contra el paro indefinido por el Censo 2023.<\/p>\n<p style=\"text-align: justify;\">\u00abSi bien en este momento los cercos intermedios que se establecieron se han levantado, hay que dejar en claro que a\u00fan se mantienen los cercos en la doble v\u00eda La Guardia, Yacapan\u00ed, en la ruta al este y en la ruta al sur tambi\u00e9n, cerca de Pedro Lorenzo. En ese sentido y acogi\u00e9ndonos a las palabras del vocero gubernamental donde manifest\u00f3 que estos cercos eran de movimientos sociales afines al Gobierno, le pedimos al Gobierno que inmediatamente ordene a estos movimientos sociales que levanten el cerco que tanto da\u00f1o est\u00e1 haciendo a la producci\u00f3n av\u00edcola y obviamente a la poblaci\u00f3n, porque ya se est\u00e1 sintiendo la escasez y en el resto del pa\u00eds ya empezaron a subir los precios de nuestros productos\u00bb, dijo el presidente de la ADA, Omar Castro.<\/p>\n<p style=\"text-align: justify;\">Instituciones y autoridades de Santa Cruz decidieron ingresar en un paro indefinido desde el 22 de octubre como medida de presi\u00f3n para que el Gobierno ordene la ejecuci\u00f3n del Censo de Poblaci\u00f3n y Vivienda en 2023 y que en las elecciones de 2025 se garantice la redistribuci\u00f3n de esca\u00f1os.<\/p>\n<p style=\"text-align: justify;\">En respuesta, organizaciones y sectores afines al partido en funci\u00f3n de Gobierno decidieron cercar a la capital cruce\u00f1a desde el 26 de octubre para que no circule ning\u00fan tipo de alimento o producto b\u00e1sico para la subsistencia de la poblaci\u00f3n.<\/p>\n<p style=\"text-align: justify;\">El vocero presidencial Jorge Richter asegur\u00f3 el lunes pasado que las organizaciones sociales afines se replegar\u00e1n del cerco a Santa Cruz en la medida que observen que el paro indefinido por el Censo 2023 se levante.<\/p>\n<p style=\"text-align: justify;\">\u00abEl sector avicultor en este momento est\u00e1 en emergencia, en un estado de insostenibilidad debido al cerco. El cerco nos est\u00e1 privando de llegar a nuestras granjas con alimento balanceado y principalmente llegar al resto del pa\u00eds con productos terminados de la cadena av\u00edcola\u00bb, alert\u00f3 Castro.<\/p>\n<p style=\"text-align: justify;\">Santa Cruz env\u00eda semanalmente al interior del pa\u00eds 1,4 millones de pollos, que significan 3.000 toneladas de carne de pollo, 12 millones de huevos frescos, 1,7 millones de pollitos beb\u00e9 para el engorde y 50 mil pollitas BB de la l\u00ednea ponedora.<\/p>\n","protected":false},"excerpt":{"rendered":"<p>La Asociaci\u00f3n de Avicultores de Santa Cruz (ADA) se declar\u00f3 en emergencia y asegur\u00f3 que llegaron a un estado de insostenibilidad que provocar\u00eda un desabastecimiento de la carne de pollo y sus derivados en todos los mercados del pa\u00eds; el sector pidi\u00f3 al Gobierno que ordene que levanten el cerco a la regi\u00f3n cruce\u00f1a que [&hellip;]<\/p>\n","protected":false},"author":4,"featured_media":36054,"comment_status":"open","ping_status":"open","sticky":false,"template":"","format":"standard","meta":{"footnotes":""},"categories":[54],"tags":[],"class_list":{"0":"post-36053","1":"post","2":"type-post","3":"status-publish","4":"format-standard","5":"has-post-thumbnail","7":"category-paro-civico"},"_links":{"self":[{"href":"https:\/\/jms.com.bo\/mediamonitor\/wp-json\/wp\/v2\/posts\/36053","targetHints":{"allow":["GET"]}}],"collection":[{"href":"https:\/\/jms.com.bo\/mediamonitor\/wp-json\/wp\/v2\/posts"}],"about":[{"href":"https:\/\/jms.com.bo\/mediamonitor\/wp-json\/wp\/v2\/types\/post"}],"author":[{"embeddable":true,"href":"https:\/\/jms.com.bo\/mediamonitor\/wp-json\/wp\/v2\/users\/4"}],"replies":[{"embeddable":true,"href":"https:\/\/jms.com.bo\/mediamonitor\/wp-json\/wp\/v2\/comments?post=36053"}],"version-history":[{"count":0,"href":"https:\/\/jms.com.bo\/mediamonitor\/wp-json\/wp\/v2\/posts\/36053\/revisions"}],"wp:featuredmedia":[{"embeddable":true,"href":"https:\/\/jms.com.bo\/mediamonitor\/wp-json\/wp\/v2\/media\/36054"}],"wp:attachment":[{"href":"https:\/\/jms.com.bo\/mediamonitor\/wp-json\/wp\/v2\/media?parent=36053"}],"wp:term":[{"taxonomy":"category","embeddable":true,"href":"https:\/\/jms.com.bo\/mediamonitor\/wp-json\/wp\/v2\/categories?post=36053"},{"taxonomy":"post_tag","embeddable":true,"href":"https:\/\/jms.com.bo\/mediamonitor\/wp-json\/wp\/v2\/tags?post=36053"}],"curies":[{"name":"wp","href":"https:\/\/api.w.org\/{rel}","templated":true}]}}