{"id":36116,"date":"2022-11-07T06:31:30","date_gmt":"2022-11-07T10:31:30","guid":{"rendered":"https:\/\/jms.com.bo\/mediamonitor\/2022\/11\/07\/avicultores-van-al-mercado-negro-y-sus-costos-se-elevan\/"},"modified":"2022-11-07T06:31:30","modified_gmt":"2022-11-07T10:31:30","slug":"avicultores-van-al-mercado-negro-y-sus-costos-se-elevan","status":"publish","type":"post","link":"https:\/\/jms.com.bo\/mediamonitor\/2022\/11\/07\/avicultores-van-al-mercado-negro-y-sus-costos-se-elevan\/","title":{"rendered":"Avicultores van al mercado negro y sus costos se elevan"},"content":{"rendered":"<p style=\"text-align: justify;\">Los avicultores de Cochabamba denunciaron que el precio de la soya y el ma\u00edz, esenciales para la alimentaci\u00f3n de los pollos, escasean en el mercado. Advierten que el precio se increment\u00f3 a ra\u00edz de los bloqueos en Santa Cruz y suben sus costos de producci\u00f3n.<\/p>\n<p style=\"text-align: justify;\">\u201cNo puede ser que hace dos semanas el precio del ma\u00edz en el mercado paralelo estaba en 88 bolivianos y actualmente se lo comercializa en 114 y 115 bolivianos. Imagine que en el caso de la soya subi\u00f3 de 155 bolivianos la bolsa a 180 a 190 bolivianos\u201d, declar\u00f3 Iv\u00e1n Carre\u00f3n, vicepresidente de la Asociaci\u00f3n de Avicultores de Cochabamba.<\/p>\n<p style=\"text-align: justify;\">La C\u00e1mara Agropecuaria del Oriente (CAO) denunci\u00f3 que m\u00e1s de un mill\u00f3n de pollos beb\u00e9 murieron en las carreteras bloqueadas por el cerco a Santa Cruz la anterior semana. Aseguraron que los bloqueos afectan toda la cadena de producci\u00f3n de alimentos. Incluso advirtieron que habr\u00e1 una crisis alimentaria que se sentir\u00e1 las siguientes semanas de continuar con estas medidas de presi\u00f3n.<\/p>\n<p style=\"text-align: justify;\">El dirigente dijo que los agricultores tambi\u00e9n ven \u201cmermada\u201d la cantidad de soya que tienen acopiada porque hay una alta demanda. \u201cNo podr\u00eda cuantificar si es que tienen o no, en la actualidad, el producto. Si es que tienen, lo venden a esos precios y obviamente los costos de producci\u00f3n se ven afectados ante este incremento\u201d, agreg\u00f3.<\/p>\n<p style=\"text-align: justify;\">La Federaci\u00f3n de Entidades Empresariales Privadas de Cochabamba (FEPC) report\u00f3, hasta el mi\u00e9rcoles, p\u00e9rdidas que bordean los 400 millones de bolivianos, como inform\u00f3 Luis Laredo, presidente de la entidad privada. Laredo explic\u00f3 que el paro en Santa Cruz ha puesto en riesgo el abastecimiento y la canasta b\u00e1sica familiar de Cochabamba y del resto del pa\u00eds, provocando un incremento de precios de \u201chasta el 25%\u201d.<\/p>\n<p style=\"text-align: justify;\">ADA de Cochabamba tambi\u00e9n advirti\u00f3 el riesgo de desabastecimiento de carne de pollo, huevo y sus derivados para los mercados del occidente en Navidad. \u201cQueremos decir que no podemos garantizar una provisi\u00f3n adecuada de carne de pollo para fin de a\u00f1o. Esto es grave, porque el precio de pollo se rige por la oferta y la demanda. Si vamos a tener otra oferta, los precios van a tender a subir\u201d, sostuvo Iv\u00e1n Carre\u00f3n.<\/p>\n<p style=\"text-align: justify;\">La producci\u00f3n de huevos tambi\u00e9n se vio afectada y ahora este alimento se vende hasta en 95 centavos la unidad.<\/p>\n<p style=\"text-align: justify;\">Las p\u00e9rdidas<\/p>\n<p style=\"text-align: justify;\">Evaluaci\u00f3n ADA contabiliz\u00f3 las p\u00e9rdidas causadas por el cerco de organizaciones afines al MAS en, al menos, cinco millones de bolivianos. Estos bloqueos impiden que pueda salir pollo y huevo para abastecer los mercados. Santa Cruz y Cochabamba tienen la mayor producci\u00f3n av\u00edcola del pa\u00eds; el primero con 65%, el segundo con 30% y el 5% restante, entre Tarija y Sucre.<\/p>\n","protected":false},"excerpt":{"rendered":"<p>Los avicultores de Cochabamba denunciaron que el precio de la soya y el ma\u00edz, esenciales para la alimentaci\u00f3n de los pollos, escasean en el mercado. Advierten que el precio se increment\u00f3 a ra\u00edz de los bloqueos en Santa Cruz y suben sus costos de producci\u00f3n. \u201cNo puede ser que hace dos semanas el precio del [&hellip;]<\/p>\n","protected":false},"author":4,"featured_media":36117,"comment_status":"open","ping_status":"open","sticky":false,"template":"","format":"standard","meta":{"footnotes":""},"categories":[52],"tags":[],"class_list":{"0":"post-36116","1":"post","2":"type-post","3":"status-publish","4":"format-standard","5":"has-post-thumbnail","7":"category-alimentos-agroindustria"},"_links":{"self":[{"href":"https:\/\/jms.com.bo\/mediamonitor\/wp-json\/wp\/v2\/posts\/36116","targetHints":{"allow":["GET"]}}],"collection":[{"href":"https:\/\/jms.com.bo\/mediamonitor\/wp-json\/wp\/v2\/posts"}],"about":[{"href":"https:\/\/jms.com.bo\/mediamonitor\/wp-json\/wp\/v2\/types\/post"}],"author":[{"embeddable":true,"href":"https:\/\/jms.com.bo\/mediamonitor\/wp-json\/wp\/v2\/users\/4"}],"replies":[{"embeddable":true,"href":"https:\/\/jms.com.bo\/mediamonitor\/wp-json\/wp\/v2\/comments?post=36116"}],"version-history":[{"count":0,"href":"https:\/\/jms.com.bo\/mediamonitor\/wp-json\/wp\/v2\/posts\/36116\/revisions"}],"wp:featuredmedia":[{"embeddable":true,"href":"https:\/\/jms.com.bo\/mediamonitor\/wp-json\/wp\/v2\/media\/36117"}],"wp:attachment":[{"href":"https:\/\/jms.com.bo\/mediamonitor\/wp-json\/wp\/v2\/media?parent=36116"}],"wp:term":[{"taxonomy":"category","embeddable":true,"href":"https:\/\/jms.com.bo\/mediamonitor\/wp-json\/wp\/v2\/categories?post=36116"},{"taxonomy":"post_tag","embeddable":true,"href":"https:\/\/jms.com.bo\/mediamonitor\/wp-json\/wp\/v2\/tags?post=36116"}],"curies":[{"name":"wp","href":"https:\/\/api.w.org\/{rel}","templated":true}]}}