{"id":36118,"date":"2022-11-07T06:32:50","date_gmt":"2022-11-07T10:32:50","guid":{"rendered":"https:\/\/jms.com.bo\/mediamonitor\/2022\/11\/07\/adepcoca-ratifica-bloqueo-por-libertad-de-7-detenidos\/"},"modified":"2022-11-07T06:32:50","modified_gmt":"2022-11-07T10:32:50","slug":"adepcoca-ratifica-bloqueo-por-libertad-de-7-detenidos","status":"publish","type":"post","link":"https:\/\/jms.com.bo\/mediamonitor\/2022\/11\/07\/adepcoca-ratifica-bloqueo-por-libertad-de-7-detenidos\/","title":{"rendered":"Adepcoca ratifica bloqueo por libertad de 7 detenidos"},"content":{"rendered":"<p style=\"text-align: justify;\">La Asociaci\u00f3n de Productores de Coca (Adepcoca) de los Yungas ratific\u00f3 ayer el inicio de un bloqueo de caminos desde el lunes 7 de noviembre tras la detenci\u00f3n de otro de sus dirigentes la noche del viernes en La Paz, con lo que suman siete sus afiliados detenidos por la protesta contra el mercado paralelo de Villa del Carmen.<\/p>\n<p style=\"text-align: justify;\">Adepcoca, el Comit\u00e9 de Autodefensa y sus 17 regionales convocaron el viernes a sus bases para realizar el bloqueo. Exigen la liberaci\u00f3n de los dirigentes cocaleros detenidos y el cierre del mercado paralelo de Villa El Carmen.<\/p>\n<p style=\"text-align: justify;\">Detenci\u00f3n<\/p>\n<p style=\"text-align: justify;\">Los cocaleros del sector de Freddy Machicado est\u00e1n movilizados desde hace m\u00e1s de dos meses en contra del bloque de Arnold Alanes, que abri\u00f3 el mercado ilegal de Villa del Carmen.<\/p>\n<p style=\"text-align: justify;\">El 8 de septiembre, los afiliados a Adepcoca tomaron el mercado paralelo que fue abierto por el dirigente af\u00edn al MAS y de Alanes.<\/p>\n<p style=\"text-align: justify;\">El sector de Adepcoca que administra el mercado tradicional de Villa F\u00e1tima exige la libertad de siete dirigentes.<\/p>\n<p style=\"text-align: justify;\">El \u00faltimo fue aprehendido el viernes. El secretario de prensa y propaganda, Juan Cocarico, calific\u00f3 su aprehensi\u00f3n de una persecuci\u00f3n pol\u00edtica. El asesor jur\u00eddico de los cocaleros Freddy Gaspar inform\u00f3 que el dirigente fue interceptado cuando se dirig\u00eda a Adepcoca.<\/p>\n<p style=\"text-align: justify;\">Piden abastecerse a la poblaci\u00f3n<\/p>\n<p style=\"text-align: justify;\">Los representantes de Adepcoca instaron a la poblaci\u00f3n de La Paz a abastecerse tras el anuncio del bloqueo de caminos.<\/p>\n<p style=\"text-align: justify;\">El Gobierno a\u00fan no se ha pronunciado sobre la convocatoria de Adepcoca y la situaci\u00f3n de los detenidos.<\/p>\n<p style=\"text-align: justify;\">El principal dirigente de Adepcoca, Freddy Machicado, est\u00e1 detenido por la imputaci\u00f3n de 15 delitos.<\/p>\n","protected":false},"excerpt":{"rendered":"<p>La Asociaci\u00f3n de Productores de Coca (Adepcoca) de los Yungas ratific\u00f3 ayer el inicio de un bloqueo de caminos desde el lunes 7 de noviembre tras la detenci\u00f3n de otro de sus dirigentes la noche del viernes en La Paz, con lo que suman siete sus afiliados detenidos por la protesta contra el mercado paralelo [&hellip;]<\/p>\n","protected":false},"author":4,"featured_media":36119,"comment_status":"open","ping_status":"open","sticky":false,"template":"","format":"standard","meta":{"footnotes":""},"categories":[49],"tags":[],"class_list":{"0":"post-36118","1":"post","2":"type-post","3":"status-publish","4":"format-standard","5":"has-post-thumbnail","7":"category-social"},"_links":{"self":[{"href":"https:\/\/jms.com.bo\/mediamonitor\/wp-json\/wp\/v2\/posts\/36118","targetHints":{"allow":["GET"]}}],"collection":[{"href":"https:\/\/jms.com.bo\/mediamonitor\/wp-json\/wp\/v2\/posts"}],"about":[{"href":"https:\/\/jms.com.bo\/mediamonitor\/wp-json\/wp\/v2\/types\/post"}],"author":[{"embeddable":true,"href":"https:\/\/jms.com.bo\/mediamonitor\/wp-json\/wp\/v2\/users\/4"}],"replies":[{"embeddable":true,"href":"https:\/\/jms.com.bo\/mediamonitor\/wp-json\/wp\/v2\/comments?post=36118"}],"version-history":[{"count":0,"href":"https:\/\/jms.com.bo\/mediamonitor\/wp-json\/wp\/v2\/posts\/36118\/revisions"}],"wp:featuredmedia":[{"embeddable":true,"href":"https:\/\/jms.com.bo\/mediamonitor\/wp-json\/wp\/v2\/media\/36119"}],"wp:attachment":[{"href":"https:\/\/jms.com.bo\/mediamonitor\/wp-json\/wp\/v2\/media?parent=36118"}],"wp:term":[{"taxonomy":"category","embeddable":true,"href":"https:\/\/jms.com.bo\/mediamonitor\/wp-json\/wp\/v2\/categories?post=36118"},{"taxonomy":"post_tag","embeddable":true,"href":"https:\/\/jms.com.bo\/mediamonitor\/wp-json\/wp\/v2\/tags?post=36118"}],"curies":[{"name":"wp","href":"https:\/\/api.w.org\/{rel}","templated":true}]}}