{"id":36420,"date":"2022-11-09T06:37:37","date_gmt":"2022-11-09T10:37:37","guid":{"rendered":"https:\/\/jms.com.bo\/mediamonitor\/2022\/11\/09\/la-saturacion-agrava-el-drama-en-busca-de-espacio-en-las-emergencias\/"},"modified":"2022-11-09T06:37:37","modified_gmt":"2022-11-09T10:37:37","slug":"la-saturacion-agrava-el-drama-en-busca-de-espacio-en-las-emergencias","status":"publish","type":"post","link":"https:\/\/jms.com.bo\/mediamonitor\/2022\/11\/09\/la-saturacion-agrava-el-drama-en-busca-de-espacio-en-las-emergencias\/","title":{"rendered":"La saturaci\u00f3n agrava el drama en busca de espacio en las emergencias"},"content":{"rendered":"<p style=\"text-align: justify;\">Las salas de emergencias de los hospitales est\u00e1n sobresaturadas, lo que aumenta las horas de espera por una atenci\u00f3n y lleva a los pacientes a deambular de hospital en hospital en busca de espacio.<\/p>\n<p style=\"text-align: justify;\">Desde que inici\u00f3 el paro departamental los centros hospitalarios atienden solo en sus servicios de urgencias y las autoridades sanitarias manifestaron esas unidades est\u00e1n rebasadas.<\/p>\n<p style=\"text-align: justify;\">Apolonia Hinojosa (66) lleva dos d\u00edas esperando afuera del San Juan de Dios. La acompa\u00f1a su hija Jacia Flores, quien asegura que su mam\u00e1 tiene problemas pulmonares por tuberculosis y que el lunes sufri\u00f3 una descompensaci\u00f3n por la diabetes, pero no logra asistencia.<\/p>\n<p style=\"text-align: justify;\">\u201cNos dicen que volvamos al centro de salud de donde fue derivada (25 de Diciembre), pero all\u00e1 ya nos dieron la orden de referencia para este hospital\u201d, asegura su hija.<br \/>\nLa joven cuenta que el lunes permanecieron en un taxi por tres horas y, pese a que suplic\u00f3 por un espacio, un m\u00e9dico les pidi\u00f3 que insistan en la posta o que esperen en casa hasta que se restablezca la atenci\u00f3n en consulta externa. \u201cNo las podemos atender porque no podemos sacar a un paciente para meter a otro\u201d, cuenta que le dijo el m\u00e9dico.<\/p>\n<p style=\"text-align: justify;\">Peregrinaci\u00f3n por asistencia<\/p>\n<p style=\"text-align: justify;\">Daniel Guti\u00e9rrez, de 67 a\u00f1os, lleva dos d\u00edas en idas y venidas entre el San Juan de Dios y el Japon\u00e9s sin encontrar asistencia m\u00e9dica. Su drama empez\u00f3 el fin de semana cuando tuvo fiebre. Su familia lo llev\u00f3 a un centro de salud privado, pero all\u00ed solo le recetaron medicamentos y le dijeron que vuelva el lunes. Como su salud empeor\u00f3 fue llevado al hospital San Juan de Dios, donde le informaron que necesitaba internaci\u00f3n, pero que all\u00ed no hab\u00eda cama disponible. Entonces, optaron por llevarlo al Japon\u00e9s, donde le informaron que todos los espacios estaban ocupados. Ayer retorn\u00f3 al San Juan de Dios y hasta las 11:00 segu\u00eda esperando.<\/p>\n<p style=\"text-align: justify;\">Gladys Vaca tambi\u00e9n vivi\u00f3 en carne propia la desesperaci\u00f3n por no encontrar un espacio.<br \/>\nFue una noche interminable, porque su esposo Elio Franco (40) se desmay\u00f3 mientras estaba conduciendo y lo llevaron a un centro m\u00e9dico, pero por la gravedad de su estado lo trasladaron a una cl\u00ednica, donde enfrentaron el primer drama por falta de recursos, puesto que all\u00ed le cobraban unos Bs 4.000 por la atenci\u00f3n que le dieron en unas cuatro horas, pero lograron que le disminuyan a Bs 2.500.<\/p>\n<p style=\"text-align: justify;\">Asumiendo el riesgo que le pueda pasar algo en el trayecto, empezaron a buscar espacio en un hospital p\u00fablico, donde no solo peregrinaron por una cama en emergencia, sino tambi\u00e9n por la hoja de referencia que deb\u00edan darle en el primer o segundo nivel.<\/p>\n<p style=\"text-align: justify;\">En la b\u00fasqueda, asegura que fueron al Japon\u00e9s, al Baj\u00edo y al de la Villa Primero de Mayo, donde todo estaba lleno.<\/p>\n<p style=\"text-align: justify;\">Despu\u00e9s de la medianoche, auxiliado por un suero, tuvieron que trasladarse al hospital de Warnes a pedir la hoja de transferencia, porque ellos viven en Valle S\u00e1nchez.<\/p>\n<p style=\"text-align: justify;\">\u201cNos dieron la transferencia, pero no lo recibieron en el hospital Japon\u00e9s, porque no hab\u00eda espacio y nos dijeron que deb\u00edamos esperar hasta el d\u00eda siguiente, por si se daba de alta a alguien. Finalmente, a las 6:00 (del martes) lo recibieron en el hospital San Juan de Dios. Est\u00e1 deshidratado y con un cuadro neurol\u00f3gico\u201d, cont\u00f3 Gladys.<\/p>\n<p style=\"text-align: justify;\">\u201cTodo est\u00e1 lleno, todas las camas est\u00e1n ocupadas\u201d, relat\u00f3 Gladys que hasta el mediod\u00eda del martes no hab\u00eda podido descansar ni dormir, porque debe permanecer en la puerta de la emergencia por si su esposo necesita medicamentos.<\/p>\n","protected":false},"excerpt":{"rendered":"<p>Las salas de emergencias de los hospitales est\u00e1n sobresaturadas, lo que aumenta las horas de espera por una atenci\u00f3n y lleva a los pacientes a deambular de hospital en hospital en busca de espacio. Desde que inici\u00f3 el paro departamental los centros hospitalarios atienden solo en sus servicios de urgencias y las autoridades sanitarias manifestaron [&hellip;]<\/p>\n","protected":false},"author":4,"featured_media":36421,"comment_status":"open","ping_status":"open","sticky":false,"template":"","format":"standard","meta":{"footnotes":""},"categories":[53],"tags":[],"class_list":{"0":"post-36420","1":"post","2":"type-post","3":"status-publish","4":"format-standard","5":"has-post-thumbnail","7":"category-salud"},"_links":{"self":[{"href":"https:\/\/jms.com.bo\/mediamonitor\/wp-json\/wp\/v2\/posts\/36420","targetHints":{"allow":["GET"]}}],"collection":[{"href":"https:\/\/jms.com.bo\/mediamonitor\/wp-json\/wp\/v2\/posts"}],"about":[{"href":"https:\/\/jms.com.bo\/mediamonitor\/wp-json\/wp\/v2\/types\/post"}],"author":[{"embeddable":true,"href":"https:\/\/jms.com.bo\/mediamonitor\/wp-json\/wp\/v2\/users\/4"}],"replies":[{"embeddable":true,"href":"https:\/\/jms.com.bo\/mediamonitor\/wp-json\/wp\/v2\/comments?post=36420"}],"version-history":[{"count":0,"href":"https:\/\/jms.com.bo\/mediamonitor\/wp-json\/wp\/v2\/posts\/36420\/revisions"}],"wp:featuredmedia":[{"embeddable":true,"href":"https:\/\/jms.com.bo\/mediamonitor\/wp-json\/wp\/v2\/media\/36421"}],"wp:attachment":[{"href":"https:\/\/jms.com.bo\/mediamonitor\/wp-json\/wp\/v2\/media?parent=36420"}],"wp:term":[{"taxonomy":"category","embeddable":true,"href":"https:\/\/jms.com.bo\/mediamonitor\/wp-json\/wp\/v2\/categories?post=36420"},{"taxonomy":"post_tag","embeddable":true,"href":"https:\/\/jms.com.bo\/mediamonitor\/wp-json\/wp\/v2\/tags?post=36420"}],"curies":[{"name":"wp","href":"https:\/\/api.w.org\/{rel}","templated":true}]}}