{"id":38031,"date":"2022-11-23T16:35:48","date_gmt":"2022-11-23T20:35:48","guid":{"rendered":"https:\/\/jms.com.bo\/mediamonitor\/2022\/11\/23\/entre-gritos-y-confusion-comision-entra-en-cuarto-intermedio-el-mas-abandona-y-ministro-logra-salir-de-la-sala\/"},"modified":"2022-11-23T16:35:48","modified_gmt":"2022-11-23T20:35:48","slug":"entre-gritos-y-confusion-comision-entra-en-cuarto-intermedio-el-mas-abandona-y-ministro-logra-salir-de-la-sala","status":"publish","type":"post","link":"https:\/\/jms.com.bo\/mediamonitor\/2022\/11\/23\/entre-gritos-y-confusion-comision-entra-en-cuarto-intermedio-el-mas-abandona-y-ministro-logra-salir-de-la-sala\/","title":{"rendered":"Entre gritos y confusi\u00f3n, comisi\u00f3n entra en cuarto intermedio, el MAS abandona y Ministro logra salir de la sala"},"content":{"rendered":"<p style=\"text-align: justify;\">Entre gritos y confusi\u00f3n, la Comisi\u00f3n de Constituci\u00f3n de la C\u00e1mara de Diputados entr\u00f3 otra vez en cuarto intermedio y se impidi\u00f3 la salida del ministro de Planificaci\u00f3n, Sergio Cusicanqui, quien deb\u00eda explicar por qu\u00e9 se aprob\u00f3 el censo para marzo de 2024. Los legisladores de oposici\u00f3n reaccionaron molestos luego de que los parlamentarios del Movimiento Al Socialismo (MAS), junto al presidente de esa comisi\u00f3n, abandonaron la sala.<\/p>\n<p style=\"text-align: justify;\">\u201cLos masistas se han escapado y han declarado cuarto intermedio, porque no quieren aprobar una ley del censo por orden de su jefe Evo Morales\u201d, cuestion\u00f3 la diputada de Comunidad Ciudadana (CC) Luisa Nayar, quien era una de las que se apost\u00f3 en la puerta para no dejar salir a la autoridad.<\/p>\n<p style=\"text-align: justify;\">La diputada de Creemos Mar\u00eda Ren\u00e9 \u00c1lvarez indic\u00f3 que no se levantar\u00e1n del ingreso y salida de la comisi\u00f3n porque van a trabajar por tiempo y materia hasta que haya una norma aprobada.<\/p>\n<p style=\"text-align: justify;\">La salida del presidente de la comisi\u00f3n de Constituci\u00f3n, Juan Jos\u00e9 J\u00e1uregui, se produjo entre empujones y jaloneos de varios lados.<\/p>\n<p style=\"text-align: justify;\">En la sala indicaron que su retiro se debi\u00f3 a que algunas legisladoras de oposici\u00f3n instalaron un vigilia para exigir que se pongan a trabajar y para rechazar que no haya m\u00e1s cuartos intermedios, porque est\u00e1n cansadas de que no se tenga soluci\u00f3n luego de haber instalado la sesi\u00f3n hace tres d\u00edas.<\/p>\n<p style=\"text-align: justify;\">J\u00e1uregui tuvo que salir escoltado hasta de funcionarias y diputadas oficialistas, por que no se le permit\u00eda la salida.<\/p>\n<p style=\"text-align: justify;\">\u201cTodos vieron c\u00f3mo hemos intentado en esta sesi\u00f3n se trabaje por tiempo y materia, porque el MAS no quiere aprobar este proyecto de ley del censo. El MAS no quiere ley del censo, han visto c\u00f3mo han escapado los masistas, ellos huyeron\u201d, lament\u00f3 el diputado de Creemos, Erwin Baz\u00e1n.<\/p>\n<p style=\"text-align: justify;\">Por su parte, la diputada del MAS Deysi Choque lo \u00fanico que atin\u00f3 a afirmar es que tiene que haber \u201ccondiciones\u201d para que J\u00e1uregui instale la comisi\u00f3n.<\/p>\n<p style=\"text-align: justify;\">\u201c\u00c9l (J\u00e1uregui) no va a venir a hacerse faltar el respeto en este escenario, son los diputados de oposici\u00f3n que no est\u00e1n permitiendo que se sesione\u201d, dijo seg\u00fan DTV.<\/p>\n<p style=\"text-align: justify;\">Entretanto, el ministro Cusicanqui permanec\u00eda en la sala. \u201cD\u00f3nde est\u00e1 la plata, habla pues, aqu\u00ed se trabaja, el pueblo te paga tu sueldo. Ya estamos cansados de sus abusos, p\u00f3nganse a trabajar\u201d, son algunos de los gritos que se escuchaba en las oficinas de la comisi\u00f3n. Minutos despu\u00e9s, logr\u00f3 salir.<\/p>\n<p style=\"text-align: justify;\">J\u00e1uregui al respecto dijo que reinstalar\u00e1 la sesi\u00f3n \u201ccuando se le d\u00e9 las garant\u00edas\u201d, ya que hay sectores que est\u00e1n imposibilitando que se desarrolle esta sesi\u00f3n.<\/p>\n<p style=\"text-align: justify;\">\u201cEs un cuarto intermedio sin d\u00eda ni hora, porque hoy hemos sido v\u00edctimas de conductas fascistas de los diputados de oposici\u00f3n\u201d, respondi\u00f3 a Unitel ante la pregunta de cu\u00e1nto se reinstala la sesi\u00f3n.<\/p>\n<p style=\"text-align: justify;\">CC pide debate directo en el plenario<\/p>\n<p style=\"text-align: justify;\">En este contexto, el l\u00edder de CC, Carlos Mesa, pidi\u00f3 que el debate se lleve directo al plenario para acelerar la aprobaci\u00f3n de la norma.<\/p>\n<p style=\"text-align: justify;\">\u201cAnte la decisi\u00f3n del MAS de bloquear el tratamiento de la Ley del Censo en la Comisi\u00f3n, y la calamidad p\u00fablica generada por el paro en Santa Cruz, la norma permite el debate directo en plenario. CC exige acelerar aprobaci\u00f3n de la Ley, evitar la violencia y volver a la normalidad\u201d, escribi\u00f3 el expresidente en sus redes sociales.<\/p>\n<p style=\"text-align: justify;\">Junto al mensaje, adjunt\u00f3 la carta enviada al presidente de la C\u00e1mara de Diputados, Jerjes Mercado, en el que la bancada le solicita convocar una sesi\u00f3n plenaria.<\/p>\n<p style=\"text-align: justify;\">\u201dEsta actitud del oficialismo en la comisi\u00f3n contrasta con su voluntad de llevar adelante un tr\u00e1mite legislativo r\u00e1pido y expedito. (&#8230;) Por estas consideraciones, solicitamos convoque lo antes posible a una sesi\u00f3n plenaria de la C\u00e1mara para sancionar una Ley sobre el Censo\u201d, consta en la misiva.<\/p>\n<p style=\"text-align: justify;\">\n","protected":false},"excerpt":{"rendered":"<p>Entre gritos y confusi\u00f3n, la Comisi\u00f3n de Constituci\u00f3n de la C\u00e1mara de Diputados entr\u00f3 otra vez en cuarto intermedio y se impidi\u00f3 la salida del ministro de Planificaci\u00f3n, Sergio Cusicanqui, quien deb\u00eda explicar por qu\u00e9 se aprob\u00f3 el censo para marzo de 2024. Los legisladores de oposici\u00f3n reaccionaron molestos luego de que los parlamentarios del [&hellip;]<\/p>\n","protected":false},"author":4,"featured_media":38032,"comment_status":"open","ping_status":"open","sticky":false,"template":"","format":"standard","meta":{"footnotes":""},"categories":[54],"tags":[],"class_list":{"0":"post-38031","1":"post","2":"type-post","3":"status-publish","4":"format-standard","5":"has-post-thumbnail","7":"category-paro-civico"},"_links":{"self":[{"href":"https:\/\/jms.com.bo\/mediamonitor\/wp-json\/wp\/v2\/posts\/38031","targetHints":{"allow":["GET"]}}],"collection":[{"href":"https:\/\/jms.com.bo\/mediamonitor\/wp-json\/wp\/v2\/posts"}],"about":[{"href":"https:\/\/jms.com.bo\/mediamonitor\/wp-json\/wp\/v2\/types\/post"}],"author":[{"embeddable":true,"href":"https:\/\/jms.com.bo\/mediamonitor\/wp-json\/wp\/v2\/users\/4"}],"replies":[{"embeddable":true,"href":"https:\/\/jms.com.bo\/mediamonitor\/wp-json\/wp\/v2\/comments?post=38031"}],"version-history":[{"count":0,"href":"https:\/\/jms.com.bo\/mediamonitor\/wp-json\/wp\/v2\/posts\/38031\/revisions"}],"wp:featuredmedia":[{"embeddable":true,"href":"https:\/\/jms.com.bo\/mediamonitor\/wp-json\/wp\/v2\/media\/38032"}],"wp:attachment":[{"href":"https:\/\/jms.com.bo\/mediamonitor\/wp-json\/wp\/v2\/media?parent=38031"}],"wp:term":[{"taxonomy":"category","embeddable":true,"href":"https:\/\/jms.com.bo\/mediamonitor\/wp-json\/wp\/v2\/categories?post=38031"},{"taxonomy":"post_tag","embeddable":true,"href":"https:\/\/jms.com.bo\/mediamonitor\/wp-json\/wp\/v2\/tags?post=38031"}],"curies":[{"name":"wp","href":"https:\/\/api.w.org\/{rel}","templated":true}]}}