{"id":38095,"date":"2022-11-24T06:37:02","date_gmt":"2022-11-24T10:37:02","guid":{"rendered":"https:\/\/jms.com.bo\/mediamonitor\/2022\/11\/24\/protestan-en-el-concejo-contra-loteadores-de-itocta\/"},"modified":"2022-11-24T06:37:02","modified_gmt":"2022-11-24T10:37:02","slug":"protestan-en-el-concejo-contra-loteadores-de-itocta","status":"publish","type":"post","link":"https:\/\/jms.com.bo\/mediamonitor\/2022\/11\/24\/protestan-en-el-concejo-contra-loteadores-de-itocta\/","title":{"rendered":"Protestan en el Concejo contra loteadores de Itocta"},"content":{"rendered":"<p style=\"text-align: justify;\">Los vecinos de Itocta, al sur de la ciudad, protestaron ayer en el Concejo Municipal de Cercado por presunta complicidad de los funcionarios de la subalcald\u00eda con los loteadores de espacios p\u00fablicos.<\/p>\n<p style=\"text-align: justify;\">\u201cYa fuimos al alcalde, ya nos reunimos con el comit\u00e9 muchas veces y no hay una soluci\u00f3n en contra de esta mafia. Parece que est\u00e1n involucradas las subalcald\u00edas porque nadie hace nada al respecto\u201d, indic\u00f3 el dirigente de la OTB Pedregal, Rodrigo P\u00e9rez.<\/p>\n<p style=\"text-align: justify;\">El representante del Colectivo Socio Ambiental de Cochabamba (Cosac), Jaime Ponce, asegur\u00f3 que la Comuna Itocta est\u00e1 directamente involucrada con el tr\u00e1fico de tierras, particularmente con dos clanes: Gonza y Coca. Anunci\u00f3 que los vecinos iniciar\u00e1n procesos en contra de los funcionarios por incumplimiento de deberes y permitir los asentamientos ilegales.<\/p>\n<p style=\"text-align: justify;\">P\u00e9rez se\u00f1al\u00f3 que los avasallamientos se observan en los distritos 8, 9 y 15, entre otros. Asegur\u00f3 que en varios de estos lugares los loteadores tomaron tierras agr\u00edcolas, de pastoreo, \u00e1reas verdes, canchas y otros espacios.<\/p>\n<p style=\"text-align: justify;\">El concejal Joel Flores, del MAS, dijo que solicitar\u00e1 informes sobre este tema de avasallamientos. Indic\u00f3 que la comisi\u00f3n segunda es la directa encargada, pero afirm\u00f3 que est\u00e1 mal asesorada. \u201cNo creo que la gente reclame de la nada, no se deber\u00eda dejar que las denuncias se queden en la nada\u201d, declar\u00f3.<\/p>\n<p style=\"text-align: justify;\">Cada vez m\u00e1s sectores protestan en contra de los avasalladores. En varias oportunidades, la Federaci\u00f3n Departamental de Juntas Vecinales (Fedjuve) revel\u00f3 que m\u00e1s de un centenar de personas est\u00e1n involucradas en el tr\u00e1fico de tierras. Y a la fecha m\u00e1s de 500 ciudadanos denunciaron que fueron estafados.<\/p>\n","protected":false},"excerpt":{"rendered":"<p>Los vecinos de Itocta, al sur de la ciudad, protestaron ayer en el Concejo Municipal de Cercado por presunta complicidad de los funcionarios de la subalcald\u00eda con los loteadores de espacios p\u00fablicos. \u201cYa fuimos al alcalde, ya nos reunimos con el comit\u00e9 muchas veces y no hay una soluci\u00f3n en contra de esta mafia. Parece [&hellip;]<\/p>\n","protected":false},"author":4,"featured_media":38096,"comment_status":"open","ping_status":"open","sticky":false,"template":"","format":"standard","meta":{"footnotes":""},"categories":[49],"tags":[],"class_list":{"0":"post-38095","1":"post","2":"type-post","3":"status-publish","4":"format-standard","5":"has-post-thumbnail","7":"category-social"},"_links":{"self":[{"href":"https:\/\/jms.com.bo\/mediamonitor\/wp-json\/wp\/v2\/posts\/38095","targetHints":{"allow":["GET"]}}],"collection":[{"href":"https:\/\/jms.com.bo\/mediamonitor\/wp-json\/wp\/v2\/posts"}],"about":[{"href":"https:\/\/jms.com.bo\/mediamonitor\/wp-json\/wp\/v2\/types\/post"}],"author":[{"embeddable":true,"href":"https:\/\/jms.com.bo\/mediamonitor\/wp-json\/wp\/v2\/users\/4"}],"replies":[{"embeddable":true,"href":"https:\/\/jms.com.bo\/mediamonitor\/wp-json\/wp\/v2\/comments?post=38095"}],"version-history":[{"count":0,"href":"https:\/\/jms.com.bo\/mediamonitor\/wp-json\/wp\/v2\/posts\/38095\/revisions"}],"wp:featuredmedia":[{"embeddable":true,"href":"https:\/\/jms.com.bo\/mediamonitor\/wp-json\/wp\/v2\/media\/38096"}],"wp:attachment":[{"href":"https:\/\/jms.com.bo\/mediamonitor\/wp-json\/wp\/v2\/media?parent=38095"}],"wp:term":[{"taxonomy":"category","embeddable":true,"href":"https:\/\/jms.com.bo\/mediamonitor\/wp-json\/wp\/v2\/categories?post=38095"},{"taxonomy":"post_tag","embeddable":true,"href":"https:\/\/jms.com.bo\/mediamonitor\/wp-json\/wp\/v2\/tags?post=38095"}],"curies":[{"name":"wp","href":"https:\/\/api.w.org\/{rel}","templated":true}]}}