{"id":38097,"date":"2022-11-24T06:38:13","date_gmt":"2022-11-24T10:38:13","guid":{"rendered":"https:\/\/jms.com.bo\/mediamonitor\/2022\/11\/24\/productores-de-cebolla-declaran-cuarto-intermedio-en-bloqueo-aguardan-reunion-con-el-gobierno\/"},"modified":"2022-11-24T06:38:13","modified_gmt":"2022-11-24T10:38:13","slug":"productores-de-cebolla-declaran-cuarto-intermedio-en-bloqueo-aguardan-reunion-con-el-gobierno","status":"publish","type":"post","link":"https:\/\/jms.com.bo\/mediamonitor\/2022\/11\/24\/productores-de-cebolla-declaran-cuarto-intermedio-en-bloqueo-aguardan-reunion-con-el-gobierno\/","title":{"rendered":"Productores de cebolla declaran cuarto intermedio en bloqueo; aguardan reuni\u00f3n con el Gobierno"},"content":{"rendered":"<p style=\"text-align: justify;\">Los productores de cebolla de la regi\u00f3n decretaron un cuarto intermedio en el bloqueo que sosten\u00edan en El Puente, en la carretera Camargo-Tarija, exigiendo al Gobierno una lucha frontal contra el contrabando de ese producto.<\/p>\n<p style=\"text-align: justify;\">Este mi\u00e9rcoles, productores cebolleros de Las Carreras, Villa Abecia y Culpina (Chuquisaca), El Puente y Yunchar\u00e1 (Tarija) y Tupiza (Potos\u00ed) bloquearon esa v\u00eda que impidi\u00f3 el paso de cientos de veh\u00edculos durante nueve horas.<\/p>\n<p style=\"text-align: justify;\">La productora de cebolla de Las Carreras, Sandra Ayarde, inform\u00f3 a CORREO DEL SUR que durante ese tiempo los pasajeros hicieron transbordos para continuar con sus viajes, mientras que otros esperaron a que la medida de presi\u00f3n se levantara.<\/p>\n<p style=\"text-align: justify;\">Sin embargo, Ayarde aclar\u00f3 que solo se declar\u00f3 un cuarto intermedio hasta el lunes, cuando esperan que representantes del Gobierno nacional se constituyan a la poblaci\u00f3n de El Puente a conversar con los productores; en caso de no hacerlo, decidir\u00e1n qu\u00e9 nuevas medidas asumir.<\/p>\n<p style=\"text-align: justify;\">Los cebolleros de la regi\u00f3n sur del pa\u00eds ejecutaron el bloqueo para exigir al Gobierno que garantice que no se permitir\u00e1 el ingreso de cebolla de contrabando porque esa actividad ilegal perjudica de gran manera a los productores haciendo que los precios bajen considerablemente.<\/p>\n","protected":false},"excerpt":{"rendered":"<p>Los productores de cebolla de la regi\u00f3n decretaron un cuarto intermedio en el bloqueo que sosten\u00edan en El Puente, en la carretera Camargo-Tarija, exigiendo al Gobierno una lucha frontal contra el contrabando de ese producto. Este mi\u00e9rcoles, productores cebolleros de Las Carreras, Villa Abecia y Culpina (Chuquisaca), El Puente y Yunchar\u00e1 (Tarija) y Tupiza (Potos\u00ed) [&hellip;]<\/p>\n","protected":false},"author":4,"featured_media":38098,"comment_status":"open","ping_status":"open","sticky":false,"template":"","format":"standard","meta":{"footnotes":""},"categories":[49],"tags":[],"class_list":{"0":"post-38097","1":"post","2":"type-post","3":"status-publish","4":"format-standard","5":"has-post-thumbnail","7":"category-social"},"_links":{"self":[{"href":"https:\/\/jms.com.bo\/mediamonitor\/wp-json\/wp\/v2\/posts\/38097","targetHints":{"allow":["GET"]}}],"collection":[{"href":"https:\/\/jms.com.bo\/mediamonitor\/wp-json\/wp\/v2\/posts"}],"about":[{"href":"https:\/\/jms.com.bo\/mediamonitor\/wp-json\/wp\/v2\/types\/post"}],"author":[{"embeddable":true,"href":"https:\/\/jms.com.bo\/mediamonitor\/wp-json\/wp\/v2\/users\/4"}],"replies":[{"embeddable":true,"href":"https:\/\/jms.com.bo\/mediamonitor\/wp-json\/wp\/v2\/comments?post=38097"}],"version-history":[{"count":0,"href":"https:\/\/jms.com.bo\/mediamonitor\/wp-json\/wp\/v2\/posts\/38097\/revisions"}],"wp:featuredmedia":[{"embeddable":true,"href":"https:\/\/jms.com.bo\/mediamonitor\/wp-json\/wp\/v2\/media\/38098"}],"wp:attachment":[{"href":"https:\/\/jms.com.bo\/mediamonitor\/wp-json\/wp\/v2\/media?parent=38097"}],"wp:term":[{"taxonomy":"category","embeddable":true,"href":"https:\/\/jms.com.bo\/mediamonitor\/wp-json\/wp\/v2\/categories?post=38097"},{"taxonomy":"post_tag","embeddable":true,"href":"https:\/\/jms.com.bo\/mediamonitor\/wp-json\/wp\/v2\/tags?post=38097"}],"curies":[{"name":"wp","href":"https:\/\/api.w.org\/{rel}","templated":true}]}}