{"id":38540,"date":"2022-11-29T05:51:29","date_gmt":"2022-11-29T09:51:29","guid":{"rendered":"https:\/\/jms.com.bo\/mediamonitor\/2022\/11\/29\/chuquisaca-confirma-su-primer-caso-importado-de-dengue\/"},"modified":"2022-11-29T05:51:29","modified_gmt":"2022-11-29T09:51:29","slug":"chuquisaca-confirma-su-primer-caso-importado-de-dengue","status":"publish","type":"post","link":"https:\/\/jms.com.bo\/mediamonitor\/2022\/11\/29\/chuquisaca-confirma-su-primer-caso-importado-de-dengue\/","title":{"rendered":"Chuquisaca confirma su primer caso importado de dengue"},"content":{"rendered":"<p style=\"text-align: justify;\">Un paciente de 33 a\u00f1os que lleg\u00f3 a Chuquisaca de Beni dio positivo para dengue, con lo que el departamento registr\u00f3 su primer caso de esta enfermedad en el periodo epidemiol\u00f3gico 2022-2023 que se abri\u00f3 en septiembre de este a\u00f1o.<\/p>\n<p style=\"text-align: justify;\">El jefe departamental de Epidemiolog\u00eda, C\u00e9sar R\u00edos, inform\u00f3 a Correo del Sur Radio FM 90.1 que el paciente contagiado estuvo internado cinco d\u00edas en el centro de salud Alegr\u00eda con signos de hemorragia nasal, por lo que se enviaron muestras al laboratorio que arrojaron el resultado positivo.<\/p>\n<p style=\"text-align: justify;\">El caso es considerado importado para Chuquisaca, debido a que el paciente estuvo 14 d\u00edas en Beni, donde se habr\u00eda contagiado, antes de llegar al departamento.<\/p>\n<p style=\"text-align: justify;\">En el pasado periodo epidemiol\u00f3gico, Chuquisaca registr\u00f3 un total de 95 casos, 61 en Monteagudo, 13 en Sucre, 13 en Huacaya, 6 en Huacareta y 2 en Macharet\u00ed.<\/p>\n","protected":false},"excerpt":{"rendered":"<p>Un paciente de 33 a\u00f1os que lleg\u00f3 a Chuquisaca de Beni dio positivo para dengue, con lo que el departamento registr\u00f3 su primer caso de esta enfermedad en el periodo epidemiol\u00f3gico 2022-2023 que se abri\u00f3 en septiembre de este a\u00f1o. El jefe departamental de Epidemiolog\u00eda, C\u00e9sar R\u00edos, inform\u00f3 a Correo del Sur Radio FM 90.1 [&hellip;]<\/p>\n","protected":false},"author":4,"featured_media":38541,"comment_status":"open","ping_status":"open","sticky":false,"template":"","format":"standard","meta":{"footnotes":""},"categories":[53],"tags":[],"class_list":{"0":"post-38540","1":"post","2":"type-post","3":"status-publish","4":"format-standard","5":"has-post-thumbnail","7":"category-salud"},"_links":{"self":[{"href":"https:\/\/jms.com.bo\/mediamonitor\/wp-json\/wp\/v2\/posts\/38540","targetHints":{"allow":["GET"]}}],"collection":[{"href":"https:\/\/jms.com.bo\/mediamonitor\/wp-json\/wp\/v2\/posts"}],"about":[{"href":"https:\/\/jms.com.bo\/mediamonitor\/wp-json\/wp\/v2\/types\/post"}],"author":[{"embeddable":true,"href":"https:\/\/jms.com.bo\/mediamonitor\/wp-json\/wp\/v2\/users\/4"}],"replies":[{"embeddable":true,"href":"https:\/\/jms.com.bo\/mediamonitor\/wp-json\/wp\/v2\/comments?post=38540"}],"version-history":[{"count":0,"href":"https:\/\/jms.com.bo\/mediamonitor\/wp-json\/wp\/v2\/posts\/38540\/revisions"}],"wp:featuredmedia":[{"embeddable":true,"href":"https:\/\/jms.com.bo\/mediamonitor\/wp-json\/wp\/v2\/media\/38541"}],"wp:attachment":[{"href":"https:\/\/jms.com.bo\/mediamonitor\/wp-json\/wp\/v2\/media?parent=38540"}],"wp:term":[{"taxonomy":"category","embeddable":true,"href":"https:\/\/jms.com.bo\/mediamonitor\/wp-json\/wp\/v2\/categories?post=38540"},{"taxonomy":"post_tag","embeddable":true,"href":"https:\/\/jms.com.bo\/mediamonitor\/wp-json\/wp\/v2\/tags?post=38540"}],"curies":[{"name":"wp","href":"https:\/\/api.w.org\/{rel}","templated":true}]}}