{"id":38542,"date":"2022-11-29T05:52:52","date_gmt":"2022-11-29T09:52:52","guid":{"rendered":"https:\/\/jms.com.bo\/mediamonitor\/2022\/11\/29\/la-salud-en-peligro-la-contaminacion-del-aire-se-eleva-10-veces-mas-en-la-paz\/"},"modified":"2022-11-29T05:52:52","modified_gmt":"2022-11-29T09:52:52","slug":"la-salud-en-peligro-la-contaminacion-del-aire-se-eleva-10-veces-mas-en-la-paz","status":"publish","type":"post","link":"https:\/\/jms.com.bo\/mediamonitor\/2022\/11\/29\/la-salud-en-peligro-la-contaminacion-del-aire-se-eleva-10-veces-mas-en-la-paz\/","title":{"rendered":"La salud en peligro: la contaminaci\u00f3n del aire se eleva 10 veces m\u00e1s en La Paz"},"content":{"rendered":"<p style=\"text-align: justify;\">Expertos alertan de que la contaminaci\u00f3n del aire se elev\u00f3 10 veces m\u00e1s en la ciudad de La Paz. Adem\u00e1s, seg\u00fan los especialistas, esta situaci\u00f3n puede provocar en la poblaci\u00f3n enfermedades respiratorias, d\u00e9rmicas y oculares. Dan al menos cinco recomendaciones.<\/p>\n<p style=\"text-align: justify;\">El director del Laboratorio de F\u00edsica de la Atm\u00f3sfera de la Universidad Mayor de San Andr\u00e9s (LFA-UMSA), Marcos Andrade, inform\u00f3 que hay una alerta en La Paz por los niveles elevad\u00edsimos de contaminaci\u00f3n del aire, eso significa que est\u00e1 por encima de los recomendados por la Organizaci\u00f3n Mundial de la Salud (OMS). \u201cLos datos que est\u00e1n mandando las estaciones de Chacaltaya, el Aeropuerto y el centro de la ciudad indican que tenemos valores que est\u00e1n 10 veces por encima de lo normal para un d\u00eda como hoy\u201d, dijo.<\/p>\n<p style=\"text-align: justify;\">Explic\u00f3 que la medici\u00f3n es por microgramos por metro c\u00fabico, es decir que normalmente en esta \u00e9poca se mide 15 microgramos por metro c\u00fabico y ahora se mide 150 microgramos por metro c\u00fabico\u201d. \u201cLo cual es un n\u00famero s\u00faper alto\u201d, agreg\u00f3.<\/p>\n<p style=\"text-align: justify;\">La ciudad de La Paz amaneci\u00f3 ayer con una humareda muy densa y eso no es habitual.<\/p>\n<p style=\"text-align: justify;\">El experto dijo que es \u201cextraordinario que se tenga tanto humo\u201d y asegur\u00f3 que dicha humareda es a consecuencia de los incendios que se registran en la zona baja del departamento, es decir, el norte de La Paz y otras regiones. \u201c(Es) producto del chaqueo\u201d, sostuvo. Agreg\u00f3 que esta situaci\u00f3n repercute en la salud y en el clima.<\/p>\n<p style=\"text-align: justify;\">Problemas en la salud<\/p>\n<p style=\"text-align: justify;\">El neum\u00f3logo y director del Instituto Nacional del T\u00f3rax (INT), Marco Antonio Garc\u00eda, explic\u00f3 que la contaminaci\u00f3n del aire no s\u00f3lo afecta al sistema respiratorio, sino tambi\u00e9n a la piel y a los ojos, provocando dermatitis y conjuntivitis.<\/p>\n<p style=\"text-align: justify;\">En cuanto a las patolog\u00edas respiratorias, el especialista explic\u00f3 que estas se producen al inhalar las part\u00edculas, las cuales ingresan a los pulmones y generan algunos padecimientos.<\/p>\n<p style=\"text-align: justify;\">Por esa raz\u00f3n, Garc\u00eda indic\u00f3 que quienes son m\u00e1s propensos a descompensarse con esta contaminaci\u00f3n son los que tienen enfermedades respiratorias, por ejemplo, los que sufren asma, bronquitis cr\u00f3nica por tabaquismo y c\u00e1ncer pulmonar, entre otras.<\/p>\n<p style=\"text-align: justify;\">\u201cCasualmente hemos visto en el hospital que muchos de esos pacientes llegan con problemas respiratorios y probablemente es por el aire contaminado\u201d, indic\u00f3.<\/p>\n<p style=\"text-align: justify;\">De acuerdo con Andrade, el incremento de la contaminaci\u00f3n del aire se ha registrado desde el pasado s\u00e1bado.<\/p>\n<p style=\"text-align: justify;\">Garc\u00eda explic\u00f3 que la contaminaci\u00f3n no s\u00f3lo afecta a la poblaci\u00f3n de riesgo, sino tambi\u00e9n al resto porque puede provocar que nuevas personas cuenten con afecciones respiratorias. \u201cPueden tener bronquitis cr\u00f3nica\u201d, dijo. Agreg\u00f3 que pueden tener problemas cardiovasculares.<\/p>\n<p style=\"text-align: justify;\">De acuerdo con la dermat\u00f3loga Patricia Vargas, esas part\u00edculas de poluci\u00f3n tambi\u00e9n pueden afectar a la piel y producir dermatitis. \u201cPor eso es muy importante no exponerse al aire contaminado\u201d, sostuvo.<\/p>\n<p style=\"text-align: justify;\">Andrade, director del LFA-UMSA, dijo que no se sabe cu\u00e1nto tiempo se podr\u00e1 quedar esta contaminaci\u00f3n en el aire porque se necesita una lluvia y fuertes vientos para disipar la poluci\u00f3n.<\/p>\n<p style=\"text-align: justify;\">Ante esta situaci\u00f3n, Garc\u00eda dio al menos cinco recomendaciones para evitar los efectos del aire contaminado. Como primera medida, se debe evitar las salidas a las calles.<\/p>\n<p style=\"text-align: justify;\">Como segunda sugerencia, se debe evitar el deporte al aire libre. Eso aumenta la probabilidad de afecciones.<\/p>\n<p style=\"text-align: justify;\">Como tercera recomendaci\u00f3n, si las personas salen a la calle, es importante que usen un barbijo, pero no el quir\u00fargico, sino el KN95 porque garantiza la protecci\u00f3n.<\/p>\n<p style=\"text-align: justify;\">Como cuarta acci\u00f3n, las personas que tengan el factor de riesgo deben acudir a su especialista para un control.<\/p>\n<p style=\"text-align: justify;\">Como quinta sugerencia, las personas deben usar ropa de manga larga y lentes para evitar los problemas en la piel y ojos.<\/p>\n<p style=\"text-align: justify;\">De acuerdo con el bolet\u00edn de la ALT-UMSA, existe otra consecuencia importante de esta contaminaci\u00f3n. \u201cLos aerosoles, producto de las quemas, pueden inhibir procesos relacionados con la lluvia\u201d, dijo.<\/p>\n<p style=\"text-align: justify;\">\u201cNormalmente el vapor de agua de la atm\u00f3sfera se condensa en estas part\u00edculas para producir gotitas que van creciendo hasta formar nubes, y luego cae la precipitaci\u00f3n. (Sin embargo), el problema es que cuando hay exceso de part\u00edculas las gotas no llegan a crecer y por tanto no llueve\u201d, indica la nota. Agrega que la sequ\u00eda que se registra en el pa\u00eds probablemente sea inducida por el calentamiento global.<\/p>\n<p style=\"text-align: justify;\">El asamble\u00edsta departamental de La Paz Ascencio Callizaya dijo que en los Yungas \u201cjam\u00e1s se registraron quemas\u201d, pero desde hace tres semanas se est\u00e1 propagando el fuego. \u201cLa Asunta, Palos Blancos, Coripata e Inquisivi est\u00e1n siendo afectados\u201d.<\/p>\n","protected":false},"excerpt":{"rendered":"<p>Expertos alertan de que la contaminaci\u00f3n del aire se elev\u00f3 10 veces m\u00e1s en la ciudad de La Paz. Adem\u00e1s, seg\u00fan los especialistas, esta situaci\u00f3n puede provocar en la poblaci\u00f3n enfermedades respiratorias, d\u00e9rmicas y oculares. Dan al menos cinco recomendaciones. El director del Laboratorio de F\u00edsica de la Atm\u00f3sfera de la Universidad Mayor de San [&hellip;]<\/p>\n","protected":false},"author":4,"featured_media":38543,"comment_status":"open","ping_status":"open","sticky":false,"template":"","format":"standard","meta":{"footnotes":""},"categories":[53],"tags":[],"class_list":{"0":"post-38542","1":"post","2":"type-post","3":"status-publish","4":"format-standard","5":"has-post-thumbnail","7":"category-salud"},"_links":{"self":[{"href":"https:\/\/jms.com.bo\/mediamonitor\/wp-json\/wp\/v2\/posts\/38542","targetHints":{"allow":["GET"]}}],"collection":[{"href":"https:\/\/jms.com.bo\/mediamonitor\/wp-json\/wp\/v2\/posts"}],"about":[{"href":"https:\/\/jms.com.bo\/mediamonitor\/wp-json\/wp\/v2\/types\/post"}],"author":[{"embeddable":true,"href":"https:\/\/jms.com.bo\/mediamonitor\/wp-json\/wp\/v2\/users\/4"}],"replies":[{"embeddable":true,"href":"https:\/\/jms.com.bo\/mediamonitor\/wp-json\/wp\/v2\/comments?post=38542"}],"version-history":[{"count":0,"href":"https:\/\/jms.com.bo\/mediamonitor\/wp-json\/wp\/v2\/posts\/38542\/revisions"}],"wp:featuredmedia":[{"embeddable":true,"href":"https:\/\/jms.com.bo\/mediamonitor\/wp-json\/wp\/v2\/media\/38543"}],"wp:attachment":[{"href":"https:\/\/jms.com.bo\/mediamonitor\/wp-json\/wp\/v2\/media?parent=38542"}],"wp:term":[{"taxonomy":"category","embeddable":true,"href":"https:\/\/jms.com.bo\/mediamonitor\/wp-json\/wp\/v2\/categories?post=38542"},{"taxonomy":"post_tag","embeddable":true,"href":"https:\/\/jms.com.bo\/mediamonitor\/wp-json\/wp\/v2\/tags?post=38542"}],"curies":[{"name":"wp","href":"https:\/\/api.w.org\/{rel}","templated":true}]}}