{"id":38564,"date":"2022-11-29T06:11:59","date_gmt":"2022-11-29T10:11:59","guid":{"rendered":"https:\/\/jms.com.bo\/mediamonitor\/2022\/11\/29\/conamaq-anuncia-demanda-penal-internacional-contra-camacho-y-calvo\/"},"modified":"2022-11-29T06:11:59","modified_gmt":"2022-11-29T10:11:59","slug":"conamaq-anuncia-demanda-penal-internacional-contra-camacho-y-calvo","status":"publish","type":"post","link":"https:\/\/jms.com.bo\/mediamonitor\/2022\/11\/29\/conamaq-anuncia-demanda-penal-internacional-contra-camacho-y-calvo\/","title":{"rendered":"Conamaq anuncia demanda penal internacional contra Camacho y Calvo"},"content":{"rendered":"<p style=\"text-align: justify;\">Ramiro Jorge Cucho, jiliri apu mallku del Consejo Nacional de Markas y Ayllus del Qullasuyo (Conamaq) anunci\u00f3 que presentar\u00e1 una demanda internacional ante la Corte Interamericana de Derechos Humanos en contra del gobernador de Santa Cruz, Fernando Camacho, y del presidente del Comit\u00e9 C\u00edvico pro Santa Cruz, R\u00f3mulo Calvo, por vulnerar derechos colectivos de ind\u00edgenas y campesinos.<\/p>\n<p style=\"text-align: justify;\">En una conferencia de prensa, Cucho acus\u00f3 a Camacho y Calvo de haber \u201cdefenestrado\u201d la econom\u00eda cruce\u00f1a y nacional, adem\u00e1s de haber vulnerado los derechos de pueblos originarios con el paro de 36 d\u00edas que cumpli\u00f3 el departamento de Santa Cruz, hasta el \u00faltimo fin de semana, para exigir que el censo se realice en 2023.<\/p>\n<p style=\"text-align: justify;\">El dirigente de la Conamaq tambi\u00e9n indic\u00f3 que a ra\u00edz del paro cruce\u00f1o se quemaron la whipala y sedes sindicales, en medio de la protesta de sectores que apoyaban el paro y otras que lo rechazaban.<\/p>\n<p style=\"text-align: justify;\">Durante la protesta cruce\u00f1a, la sede de la Federaci\u00f3n Departamental de Campesinos de Santa Cruz fue quemada, mientras que hubo da\u00f1os y saqueo en el inmueble de la Central Obrera Departamental.<\/p>\n<p style=\"text-align: justify;\">La Justicia ya promovi\u00f3 m\u00e1s de una decena de aprehensiones y detenciones por la quema y da\u00f1os a las dos sedes sindicales.<\/p>\n<p style=\"text-align: justify;\">Cucho advirti\u00f3 que el \u201c\u00fanico perdedor\u201d en los 36 d\u00edas de paro cruce\u00f1o fue el pueblo, debido a los perjuicios que sufri\u00f3 por la paralizaci\u00f3n de las actividades.<\/p>\n<p style=\"text-align: justify;\">En criterio del dirigente del Conamaq, Camacho y Calvo tambi\u00e9n tienen que ser juzgados por su participaci\u00f3n en el \u201cgolpe de Estado\u201d de 2019, cuando Jeanine A\u00f1ez sucedi\u00f3 en la Presidencia a Evo Morales, quien renunci\u00f3 luego de ser acusado de cometer fraude electoral en los comicios generales de ese a\u00f1o.<\/p>\n","protected":false},"excerpt":{"rendered":"<p>Ramiro Jorge Cucho, jiliri apu mallku del Consejo Nacional de Markas y Ayllus del Qullasuyo (Conamaq) anunci\u00f3 que presentar\u00e1 una demanda internacional ante la Corte Interamericana de Derechos Humanos en contra del gobernador de Santa Cruz, Fernando Camacho, y del presidente del Comit\u00e9 C\u00edvico pro Santa Cruz, R\u00f3mulo Calvo, por vulnerar derechos colectivos de ind\u00edgenas [&hellip;]<\/p>\n","protected":false},"author":4,"featured_media":38565,"comment_status":"open","ping_status":"open","sticky":false,"template":"","format":"standard","meta":{"footnotes":""},"categories":[18],"tags":[],"class_list":{"0":"post-38564","1":"post","2":"type-post","3":"status-publish","4":"format-standard","5":"has-post-thumbnail","7":"category-politica"},"_links":{"self":[{"href":"https:\/\/jms.com.bo\/mediamonitor\/wp-json\/wp\/v2\/posts\/38564","targetHints":{"allow":["GET"]}}],"collection":[{"href":"https:\/\/jms.com.bo\/mediamonitor\/wp-json\/wp\/v2\/posts"}],"about":[{"href":"https:\/\/jms.com.bo\/mediamonitor\/wp-json\/wp\/v2\/types\/post"}],"author":[{"embeddable":true,"href":"https:\/\/jms.com.bo\/mediamonitor\/wp-json\/wp\/v2\/users\/4"}],"replies":[{"embeddable":true,"href":"https:\/\/jms.com.bo\/mediamonitor\/wp-json\/wp\/v2\/comments?post=38564"}],"version-history":[{"count":0,"href":"https:\/\/jms.com.bo\/mediamonitor\/wp-json\/wp\/v2\/posts\/38564\/revisions"}],"wp:featuredmedia":[{"embeddable":true,"href":"https:\/\/jms.com.bo\/mediamonitor\/wp-json\/wp\/v2\/media\/38565"}],"wp:attachment":[{"href":"https:\/\/jms.com.bo\/mediamonitor\/wp-json\/wp\/v2\/media?parent=38564"}],"wp:term":[{"taxonomy":"category","embeddable":true,"href":"https:\/\/jms.com.bo\/mediamonitor\/wp-json\/wp\/v2\/categories?post=38564"},{"taxonomy":"post_tag","embeddable":true,"href":"https:\/\/jms.com.bo\/mediamonitor\/wp-json\/wp\/v2\/tags?post=38564"}],"curies":[{"name":"wp","href":"https:\/\/api.w.org\/{rel}","templated":true}]}}