{"id":38566,"date":"2022-11-29T06:13:26","date_gmt":"2022-11-29T10:13:26","guid":{"rendered":"https:\/\/jms.com.bo\/mediamonitor\/2022\/11\/29\/rodriguez-afirma-que-solo-con-voto-de-la-mayoria-se-dispensara-tramite-para-ley-del-censo-en-el-senado\/"},"modified":"2022-11-29T06:13:26","modified_gmt":"2022-11-29T10:13:26","slug":"rodriguez-afirma-que-solo-con-voto-de-la-mayoria-se-dispensara-tramite-para-ley-del-censo-en-el-senado","status":"publish","type":"post","link":"https:\/\/jms.com.bo\/mediamonitor\/2022\/11\/29\/rodriguez-afirma-que-solo-con-voto-de-la-mayoria-se-dispensara-tramite-para-ley-del-censo-en-el-senado\/","title":{"rendered":"Rodr\u00edguez afirma que solo con voto de la mayor\u00eda se dispensar\u00e1 tr\u00e1mite para Ley del Censo en el Senado"},"content":{"rendered":"<p style=\"text-align: justify;\">El presidente del Senado, Andr\u00f3nico Rodr\u00edguez (MAS), asegur\u00f3 que si existe respaldo mayoritario en el pleno de esa c\u00e1mara, se recurrir\u00e1 a la \u201cdispensaci\u00f3n de tr\u00e1mite\u201d para agilizar el tratamiento de la Ley del Censo.<\/p>\n<p style=\"text-align: justify;\">\u201cEn caso de plantearse la moci\u00f3n de dispensaci\u00f3n de tr\u00e1mite pondremos a consideraci\u00f3n, si existe mayor\u00eda se tratar\u00e1 de manera inmediata, de lo contrario continuar\u00e1 por su curso normal siendo remitida a la Comisi\u00f3n de Constituci\u00f3n para su respectiva revisi\u00f3n\u201d (sic), escribi\u00f3 la autoridad legislativa en sus redes sociales.<\/p>\n<p style=\"text-align: justify;\">La propuesta denominada \u201cLey de aplicaci\u00f3n de los resultados del Censo de Poblaci\u00f3n y Vivienda en los \u00e1mbitos financiero y electoral\u201d fue aprobada el fin de semana, por m\u00e1s de dos tercios en la C\u00e1mara de Diputados.<\/p>\n<p style=\"text-align: justify;\">El proyecto fue aprobado luego de varias jornadas de debate y cuartos intermedios, con bochornos de por medio; al final, oficialismo y oposici\u00f3n hallaron consenso.<\/p>\n<p style=\"text-align: justify;\">Para evitar m\u00e1s dilaciones, legisladores toman recaudos para que la labor legislativa se viabilice en el Senado, que convoc\u00f3 a sesi\u00f3n para este martes.<\/p>\n<p style=\"text-align: justify;\">La senadora Andrea Barrientos (CC), junto a sus colegas de Creemos, solicit\u00f3 una reuni\u00f3n con la bancada del Movimiento Al Socialismo (MAS) para que entre las tres fuerzas se genere un espacio de di\u00e1logo, para viabilizar la propuesta.<\/p>\n<p style=\"text-align: justify;\">En tanto, el senador Henry Montero, de Creemos, anticip\u00f3 que solicitar\u00e1 la \u201cdispensaci\u00f3n de tr\u00e1mite\u201d para que el proyecto se trate directamente en el pleno del Senado y no en la Comisi\u00f3n de Constituci\u00f3n de esa c\u00e1mara.<\/p>\n<p style=\"text-align: justify;\">Sin embargo, desde el oficialismo mantienen la postura de que la propuesta vaya por conducto regular, lo cual implicar\u00eda m\u00e1s tiempo.<\/p>\n<p style=\"text-align: justify;\">\u201cEn la medida que tengamos el informe final de la Comisi\u00f3n, nuevamente convocaremos al pleno para el tratamiento de dicho PL, en cumplimiento a nuestro reglamento interno\u201d (sic), agrega el mensaje publicado por Rodr\u00edguez.<\/p>\n<p style=\"text-align: justify;\">Incluso, desde el MAS ya expresaron su rechazo a la propuesta normativa. En criterio del senador Leonardo Loza, el proyecto atenta contra la cantidad de representantes que tendr\u00e1n algunas regiones tras el Censo, previsto para el 23 de marzo de 2024.<\/p>\n<p style=\"text-align: justify;\">\u201cVoy a votar en contra de esa ley y voy a pedir el voto nominal, que los que votamos que voten de frente al pueblo con nuestro argumento, por qu\u00e9 estamos aprobando, por qu\u00e9 estamos rechazando. Considero que esa ley es atentatoria a distintos departamentos del pa\u00eds, principalmente al altiplano\u201d, afirm\u00f3 el legislador.<\/p>\n<p style=\"text-align: justify;\">En una sesi\u00f3n marat\u00f3nica, Diputados aprob\u00f3 la ley que garantiza la aplicaci\u00f3n de resultados del Censo, tanto para la redistribuci\u00f3n de recursos, desde septiembre de 2024, como para la reasignaci\u00f3n esca\u00f1os legislativos, para las elecciones generales del 2025.<\/p>\n<p style=\"text-align: justify;\">De los 119 legisladores en sala, 91 votaron a favor de la norma.<\/p>\n<p style=\"text-align: justify;\">Horas despu\u00e9s de la aprobaci\u00f3n, el presidente del Comit\u00e9 pro Santa Cruz, R\u00f3mulo Calvo, determin\u00f3 un cuarto intermedio del paro indefinido, que cumpl\u00eda entonces 36 d\u00edas.<\/p>\n<p style=\"text-align: justify;\">La exigencia, inicialmente, demandaba un empadronamiento en 2023.<\/p>\n<p style=\"text-align: justify;\">Sin embargo, el Gobierno demostr\u00f3 de forma t\u00e9cnica que el proceso deb\u00eda realizarse hasta marzo del 2024.<\/p>\n","protected":false},"excerpt":{"rendered":"<p>El presidente del Senado, Andr\u00f3nico Rodr\u00edguez (MAS), asegur\u00f3 que si existe respaldo mayoritario en el pleno de esa c\u00e1mara, se recurrir\u00e1 a la \u201cdispensaci\u00f3n de tr\u00e1mite\u201d para agilizar el tratamiento de la Ley del Censo. \u201cEn caso de plantearse la moci\u00f3n de dispensaci\u00f3n de tr\u00e1mite pondremos a consideraci\u00f3n, si existe mayor\u00eda se tratar\u00e1 de manera [&hellip;]<\/p>\n","protected":false},"author":4,"featured_media":38567,"comment_status":"open","ping_status":"open","sticky":false,"template":"","format":"standard","meta":{"footnotes":""},"categories":[18],"tags":[],"class_list":{"0":"post-38566","1":"post","2":"type-post","3":"status-publish","4":"format-standard","5":"has-post-thumbnail","7":"category-politica"},"_links":{"self":[{"href":"https:\/\/jms.com.bo\/mediamonitor\/wp-json\/wp\/v2\/posts\/38566","targetHints":{"allow":["GET"]}}],"collection":[{"href":"https:\/\/jms.com.bo\/mediamonitor\/wp-json\/wp\/v2\/posts"}],"about":[{"href":"https:\/\/jms.com.bo\/mediamonitor\/wp-json\/wp\/v2\/types\/post"}],"author":[{"embeddable":true,"href":"https:\/\/jms.com.bo\/mediamonitor\/wp-json\/wp\/v2\/users\/4"}],"replies":[{"embeddable":true,"href":"https:\/\/jms.com.bo\/mediamonitor\/wp-json\/wp\/v2\/comments?post=38566"}],"version-history":[{"count":0,"href":"https:\/\/jms.com.bo\/mediamonitor\/wp-json\/wp\/v2\/posts\/38566\/revisions"}],"wp:featuredmedia":[{"embeddable":true,"href":"https:\/\/jms.com.bo\/mediamonitor\/wp-json\/wp\/v2\/media\/38567"}],"wp:attachment":[{"href":"https:\/\/jms.com.bo\/mediamonitor\/wp-json\/wp\/v2\/media?parent=38566"}],"wp:term":[{"taxonomy":"category","embeddable":true,"href":"https:\/\/jms.com.bo\/mediamonitor\/wp-json\/wp\/v2\/categories?post=38566"},{"taxonomy":"post_tag","embeddable":true,"href":"https:\/\/jms.com.bo\/mediamonitor\/wp-json\/wp\/v2\/tags?post=38566"}],"curies":[{"name":"wp","href":"https:\/\/api.w.org\/{rel}","templated":true}]}}