{"id":38572,"date":"2022-11-29T06:17:11","date_gmt":"2022-11-29T10:17:11","guid":{"rendered":"https:\/\/jms.com.bo\/mediamonitor\/2022\/11\/29\/migracion-de-datos-a-la-gestora-publica-alcanzo-el-61\/"},"modified":"2022-11-29T06:17:11","modified_gmt":"2022-11-29T10:17:11","slug":"migracion-de-datos-a-la-gestora-publica-alcanzo-el-61","status":"publish","type":"post","link":"https:\/\/jms.com.bo\/mediamonitor\/2022\/11\/29\/migracion-de-datos-a-la-gestora-publica-alcanzo-el-61\/","title":{"rendered":"Migraci\u00f3n de datos a la Gestora P\u00fablica alcanz\u00f3 el 61%"},"content":{"rendered":"<p style=\"text-align: justify;\">La Gestora P\u00fablica de la Seguridad Social de Largo Plazo ya tiene el 61% de los datos de los aportantes a las AFP y ya registr\u00f3 a 7.000 nuevos afiliados. El proceso de migraci\u00f3n debe concluir el siguiente a\u00f1o.<\/p>\n<p style=\"text-align: justify;\">\u201cTenemos un avance del 61%, estamos siguiendo nuestro cronograma. En ese sentido, por ejemplo, ya contamos con toda la base de datos de asegurados, con toda la base de datos de empleadores y sobre esa base estamos trabajando de tal manera que la gente pueda sentirse segura en relaci\u00f3n con la administraci\u00f3n de los recursos del sistema integral de pensiones\u201d, declar\u00f3 el gerente de la entidad, Jaime Dur\u00e1n.<\/p>\n<p style=\"text-align: justify;\">El ejecutivo dijo que \u201cno hubo retrasos\u201d en la migraci\u00f3n de datos debido a los sistemas autom\u00e1ticos con los que cuenta y que trabajaron con normalidad pese al paro en Santa Cruz. Incluso habilitaron una oficina virtual para que los trabajadores y los empleadores tambi\u00e9n tengan esa facilidad para realizar sus tr\u00e1mites por esa v\u00eda.<\/p>\n<p style=\"text-align: justify;\">Dur\u00e1n mencion\u00f3 que desde el 9 de septiembre se lleva adelante la afiliaci\u00f3n de nuevos trabajadores, dependientes e independientes, adem\u00e1s del registro de nuevas empresas. \u201cHasta el momento ya tenemos m\u00e1s de 7.000 registros, en breve, todos aquellos nuevos aportantes ya van a recibir sus estados de ahorro previsionales\u201d, finaliz\u00f3.<\/p>\n","protected":false},"excerpt":{"rendered":"<p>La Gestora P\u00fablica de la Seguridad Social de Largo Plazo ya tiene el 61% de los datos de los aportantes a las AFP y ya registr\u00f3 a 7.000 nuevos afiliados. El proceso de migraci\u00f3n debe concluir el siguiente a\u00f1o. \u201cTenemos un avance del 61%, estamos siguiendo nuestro cronograma. En ese sentido, por ejemplo, ya contamos [&hellip;]<\/p>\n","protected":false},"author":4,"featured_media":38573,"comment_status":"open","ping_status":"open","sticky":false,"template":"","format":"standard","meta":{"footnotes":""},"categories":[25],"tags":[],"class_list":{"0":"post-38572","1":"post","2":"type-post","3":"status-publish","4":"format-standard","5":"has-post-thumbnail","7":"category-economia"},"_links":{"self":[{"href":"https:\/\/jms.com.bo\/mediamonitor\/wp-json\/wp\/v2\/posts\/38572","targetHints":{"allow":["GET"]}}],"collection":[{"href":"https:\/\/jms.com.bo\/mediamonitor\/wp-json\/wp\/v2\/posts"}],"about":[{"href":"https:\/\/jms.com.bo\/mediamonitor\/wp-json\/wp\/v2\/types\/post"}],"author":[{"embeddable":true,"href":"https:\/\/jms.com.bo\/mediamonitor\/wp-json\/wp\/v2\/users\/4"}],"replies":[{"embeddable":true,"href":"https:\/\/jms.com.bo\/mediamonitor\/wp-json\/wp\/v2\/comments?post=38572"}],"version-history":[{"count":0,"href":"https:\/\/jms.com.bo\/mediamonitor\/wp-json\/wp\/v2\/posts\/38572\/revisions"}],"wp:featuredmedia":[{"embeddable":true,"href":"https:\/\/jms.com.bo\/mediamonitor\/wp-json\/wp\/v2\/media\/38573"}],"wp:attachment":[{"href":"https:\/\/jms.com.bo\/mediamonitor\/wp-json\/wp\/v2\/media?parent=38572"}],"wp:term":[{"taxonomy":"category","embeddable":true,"href":"https:\/\/jms.com.bo\/mediamonitor\/wp-json\/wp\/v2\/categories?post=38572"},{"taxonomy":"post_tag","embeddable":true,"href":"https:\/\/jms.com.bo\/mediamonitor\/wp-json\/wp\/v2\/tags?post=38572"}],"curies":[{"name":"wp","href":"https:\/\/api.w.org\/{rel}","templated":true}]}}