{"id":38788,"date":"2022-12-01T06:49:41","date_gmt":"2022-12-01T10:49:41","guid":{"rendered":"https:\/\/jms.com.bo\/mediamonitor\/2022\/12\/01\/mineros-de-mallku-khota-piden-garantizar-inversion-tras-10-anos-de-su-nacionalizacion\/"},"modified":"2022-12-01T06:49:41","modified_gmt":"2022-12-01T10:49:41","slug":"mineros-de-mallku-khota-piden-garantizar-inversion-tras-10-anos-de-su-nacionalizacion","status":"publish","type":"post","link":"https:\/\/jms.com.bo\/mediamonitor\/2022\/12\/01\/mineros-de-mallku-khota-piden-garantizar-inversion-tras-10-anos-de-su-nacionalizacion\/","title":{"rendered":"Mineros de Mallku Khota piden garantizar inversi\u00f3n tras 10 a\u00f1os de su nacionalizaci\u00f3n"},"content":{"rendered":"<p style=\"text-align: justify;\">Nuevamente los mineros de Mallkhu Khota se movilizaron este mi\u00e9rcoles por el centro de la ciudad de La Paz en demanda de audiencia con el ministro del sector, Ramiro Villavicencio, y se garantice la inversi\u00f3n para la explotaci\u00f3n del yacimiento.<\/p>\n<p style=\"text-align: justify;\">El secretario de Relaciones Internacionales de la Federaci\u00f3n Sindical de Trabajadores Mineros de Bolivia (FSTMB), Vicente Fern\u00e1ndez, dijo que hace 10 a\u00f1os, cuando fue nacionalizada Mallku Khota, se pide la reactivaci\u00f3n y, para ello, se requiere inversi\u00f3n, ya sea nacional o extranjera.<\/p>\n<p style=\"text-align: justify;\">\u201cLa principal demanda es que exista inversi\u00f3n, que reactiven el distrito minero de Mallku khota, ese es un potencial ubicado en el departamento de Potos\u00ed, son 10 a\u00f1os que no puede reactivarse, 10 a\u00f1os que no hay inversi\u00f3n\u201d, dijo a la prensa.<\/p>\n<p style=\"text-align: justify;\">La pasada semana una treintena de mineros de Mallku Khota realizaron una protesta en puertas de la Corporaci\u00f3n Minera de Bolivia (Comibol) exigiendo se atienda sus demandas para la reactivaci\u00f3n de los trabajos en el yacimiento.<\/p>\n<p style=\"text-align: justify;\">El dirigente lament\u00f3 que por 10 a\u00f1os los mineros de Mallku Khota est\u00e9n en el lugar sin realizar ninguna actividad, siendo que hay predisposici\u00f3n de los trabajadores de producir y aportar para el erario nacional.<\/p>\n<p style=\"text-align: justify;\">En julio de 2012, el gobierno de Evo Morales determin\u00f3 la nacionalizaci\u00f3n del yacimiento de Mallku Khota que estaba a cargo de la minera canadiense South American Silver.<\/p>\n<p style=\"text-align: justify;\">Esa determinaci\u00f3n le cost\u00f3 un proceso arbitral internacional ante la Corte Internacional de Arreglo de Diferencias Relativas a la Inversi\u00f3n (Ciadi) al Gobierno boliviano. Silver demandaba una compensaci\u00f3n superior a $us 385 millones al revertir el Estado la concesi\u00f3n minera.<\/p>\n<p style=\"text-align: justify;\">En noviembre de 2018, el tribunal internacional fall\u00f3 a favor de Bolivia y solo pag\u00f3 a la empresa $us 18 millones, correspondientes a los gastos que hizo antes de que se reviertan sus concesiones.<\/p>\n<p style=\"text-align: justify;\">Fern\u00e1ndez afirm\u00f3 que la inversi\u00f3n que se requiere para reactivar el proyecto minero de Mallku Khota asciende a los $us 600 millones.<\/p>\n<p style=\"text-align: justify;\">\u201cNo hay una pol\u00edtica para reactivar este yacimiento, como es m\u00e1s de 600 millones de d\u00f3lares, es que el Estado debe aportar a eso. Si el Estado no tiene la posibilidad debiera de buscar una inversi\u00f3n privada o ser una inversi\u00f3n entre privados y Estado\u201d, plante\u00f3 Fern\u00e1ndez.<\/p>\n<p style=\"text-align: justify;\">En junio de este a\u00f1o, el expresidente de la Comibol, Eugenio Mendoza, indic\u00f3 que se requiere alrededor de $us 400 millones para poner en marcha Mallku Khota y otros $us 200 millones como capital de trabajo.<\/p>\n<p style=\"text-align: justify;\">La pasada semana los dirigentes de Mallku Khota afirmaron que la firma Montecristo tiene la predisposici\u00f3n de invertir en el yacimiento, pero que no se tuvo respuesta del Gobierno para la firma de un contrato.<\/p>\n<p style=\"text-align: justify;\">Asimismo, asegur\u00f3 que los m\u00e1s de 100 mineros continuar\u00e1n en las calles hasta que las autoridades del Ministerio de Miner\u00eda los reciban en audiencia y se garantice la inversi\u00f3n para la reactivaci\u00f3n de Mallku Khota.<\/p>\n","protected":false},"excerpt":{"rendered":"<p>Nuevamente los mineros de Mallkhu Khota se movilizaron este mi\u00e9rcoles por el centro de la ciudad de La Paz en demanda de audiencia con el ministro del sector, Ramiro Villavicencio, y se garantice la inversi\u00f3n para la explotaci\u00f3n del yacimiento. El secretario de Relaciones Internacionales de la Federaci\u00f3n Sindical de Trabajadores Mineros de Bolivia (FSTMB), [&hellip;]<\/p>\n","protected":false},"author":4,"featured_media":38789,"comment_status":"open","ping_status":"open","sticky":false,"template":"","format":"standard","meta":{"footnotes":""},"categories":[49],"tags":[],"class_list":{"0":"post-38788","1":"post","2":"type-post","3":"status-publish","4":"format-standard","5":"has-post-thumbnail","7":"category-social"},"_links":{"self":[{"href":"https:\/\/jms.com.bo\/mediamonitor\/wp-json\/wp\/v2\/posts\/38788","targetHints":{"allow":["GET"]}}],"collection":[{"href":"https:\/\/jms.com.bo\/mediamonitor\/wp-json\/wp\/v2\/posts"}],"about":[{"href":"https:\/\/jms.com.bo\/mediamonitor\/wp-json\/wp\/v2\/types\/post"}],"author":[{"embeddable":true,"href":"https:\/\/jms.com.bo\/mediamonitor\/wp-json\/wp\/v2\/users\/4"}],"replies":[{"embeddable":true,"href":"https:\/\/jms.com.bo\/mediamonitor\/wp-json\/wp\/v2\/comments?post=38788"}],"version-history":[{"count":0,"href":"https:\/\/jms.com.bo\/mediamonitor\/wp-json\/wp\/v2\/posts\/38788\/revisions"}],"wp:featuredmedia":[{"embeddable":true,"href":"https:\/\/jms.com.bo\/mediamonitor\/wp-json\/wp\/v2\/media\/38789"}],"wp:attachment":[{"href":"https:\/\/jms.com.bo\/mediamonitor\/wp-json\/wp\/v2\/media?parent=38788"}],"wp:term":[{"taxonomy":"category","embeddable":true,"href":"https:\/\/jms.com.bo\/mediamonitor\/wp-json\/wp\/v2\/categories?post=38788"},{"taxonomy":"post_tag","embeddable":true,"href":"https:\/\/jms.com.bo\/mediamonitor\/wp-json\/wp\/v2\/tags?post=38788"}],"curies":[{"name":"wp","href":"https:\/\/api.w.org\/{rel}","templated":true}]}}