{"id":38796,"date":"2022-12-01T06:58:33","date_gmt":"2022-12-01T10:58:33","guid":{"rendered":"https:\/\/jms.com.bo\/mediamonitor\/2022\/12\/01\/mas-denuncia-que-se-consumo-un-pacto-por-la-impunidad-entre-renovadores-y-la-oposicion\/"},"modified":"2022-12-01T06:58:33","modified_gmt":"2022-12-01T10:58:33","slug":"mas-denuncia-que-se-consumo-un-pacto-por-la-impunidad-entre-renovadores-y-la-oposicion","status":"publish","type":"post","link":"https:\/\/jms.com.bo\/mediamonitor\/2022\/12\/01\/mas-denuncia-que-se-consumo-un-pacto-por-la-impunidad-entre-renovadores-y-la-oposicion\/","title":{"rendered":"MAS denuncia que se consum\u00f3 un pacto por la impunidad entre \u201crenovadores\u201d y la oposici\u00f3n"},"content":{"rendered":"<p style=\"text-align: justify;\">Un lapidario pronunciamiento oficial se dio a conocer este mi\u00e9rcoles en el interior del Movimiento Al Socialismo (MAS), despu\u00e9s que los m\u00e1ximos representantes del partido azul acusaron a un grupo de legisladores del oficialismo de consumar un plan para dividir en la bancada y conformar un pacto por la impunidad.<\/p>\n<p style=\"text-align: justify;\">Esta denuncia surge despu\u00e9s que algunos senadores, llamados \u201crenovadores\u201d, aprobaron la tarde del martes 29 de noviembre el proyecto de Ley del Censo de Poblaci\u00f3n y Vivienda en la C\u00e1mara del Senado para remitirla posteriormente al Ejecutivo.<\/p>\n<p style=\"text-align: justify;\">La misiva lleva la firma del vicepresidente del MAS, Gerardo Garc\u00eda; el secretario de Pol\u00edtica, Froil\u00e1n Fulguera; Humberto Baldivieso, de la Comisi\u00f3n de Pol\u00edtica y \u00c1ngel Illanes, secretario de Coordinaci\u00f3n, entre otras tres personas.<\/p>\n<p style=\"text-align: justify;\">\u201cSe ha conformado una nueva mayor\u00eda, al mejor estilo del MIR que cruz\u00f3 r\u00edos de sangre para sellar un pacto con sus verdugos de ADN en la \u00e9poca neoliberal\u201d, se\u00f1ala la carta.<\/p>\n<p style=\"text-align: justify;\">El pronunciamiento se estrella contra los senadores \u201crenovadores y traidores\u201d, a quienes los acusan de conformar un pacto junto a las bancadas de Carlos Mesa (CC) y de Luis Fernando Camacho (Creemos).<\/p>\n<p style=\"text-align: justify;\">La posici\u00f3n del partido se suma a las reiteradas acusaciones que lanz\u00f3 le jefe del MAS, Evo Morales, en contra de los asamble\u00edstas \u201carcistas\u201d, tanto en la radio Kawsachun Coca y mediante sus redes sociales.<\/p>\n<p style=\"text-align: justify;\">En el transcurso de esta ma\u00f1ana, Morales agradeci\u00f3 a los asamble\u00edstas \u201cleales\u201d que intentaron trabar la Ley del censo en el Senado. Asimismo, acus\u00f3 a \u201ctraidores\u201d de dividir la bancada de su partido.<\/p>\n<p style=\"text-align: justify;\">Lament\u00f3 que algunos legisladores entregaran la mayor\u00eda a la oposici\u00f3n. Al menos siete \u201crenovadores\u201d apoyaron la norma que fue sancionada ayer en la C\u00e1mara Alta.<\/p>\n<p style=\"text-align: justify;\">\u201cMi respeto y agradecimiento a diputados y senadores leales a los principios del MAS-IPSP que se negaron a pactar con Mesa y Camacho en el Legislativo pese a presiones y amenazas de los traidores que dividieron la bancada para entregar la mayor\u00eda y hegemon\u00eda a la derecha golpista\u201d, poste\u00f3.<\/p>\n<p style=\"text-align: justify;\">Volviendo a la carta, esta advierte a la militancia que \u00abel resurgimiento de la coalici\u00f3n\u00bb estar\u00e1 acompa\u00f1ado por ataques con los nuevos aliados, en alusi\u00f3n a la oposici\u00f3n, en contra de la dirigencia nacional.<\/p>\n<p style=\"text-align: justify;\">\u201cEnfrentaremos esta arremetida con la unidad, verdad, firmeza y dignidad que nos une cuando defendemos principios\u201d, indica.<\/p>\n<p style=\"text-align: justify;\">Tambi\u00e9n se valor\u00f3 la consecuencia, coherencia y resistencia de senadores y diputados que \u201clucharon hasta el \u00faltimo momento para hacer respetar la palabra y el decreto del censo por parte del presidente Luis Arce\u201d.<\/p>\n<p style=\"text-align: justify;\">\n","protected":false},"excerpt":{"rendered":"<p>Un lapidario pronunciamiento oficial se dio a conocer este mi\u00e9rcoles en el interior del Movimiento Al Socialismo (MAS), despu\u00e9s que los m\u00e1ximos representantes del partido azul acusaron a un grupo de legisladores del oficialismo de consumar un plan para dividir en la bancada y conformar un pacto por la impunidad. Esta denuncia surge despu\u00e9s que [&hellip;]<\/p>\n","protected":false},"author":4,"featured_media":38797,"comment_status":"open","ping_status":"open","sticky":false,"template":"","format":"standard","meta":{"footnotes":""},"categories":[18],"tags":[],"class_list":{"0":"post-38796","1":"post","2":"type-post","3":"status-publish","4":"format-standard","5":"has-post-thumbnail","7":"category-politica"},"_links":{"self":[{"href":"https:\/\/jms.com.bo\/mediamonitor\/wp-json\/wp\/v2\/posts\/38796","targetHints":{"allow":["GET"]}}],"collection":[{"href":"https:\/\/jms.com.bo\/mediamonitor\/wp-json\/wp\/v2\/posts"}],"about":[{"href":"https:\/\/jms.com.bo\/mediamonitor\/wp-json\/wp\/v2\/types\/post"}],"author":[{"embeddable":true,"href":"https:\/\/jms.com.bo\/mediamonitor\/wp-json\/wp\/v2\/users\/4"}],"replies":[{"embeddable":true,"href":"https:\/\/jms.com.bo\/mediamonitor\/wp-json\/wp\/v2\/comments?post=38796"}],"version-history":[{"count":0,"href":"https:\/\/jms.com.bo\/mediamonitor\/wp-json\/wp\/v2\/posts\/38796\/revisions"}],"wp:featuredmedia":[{"embeddable":true,"href":"https:\/\/jms.com.bo\/mediamonitor\/wp-json\/wp\/v2\/media\/38797"}],"wp:attachment":[{"href":"https:\/\/jms.com.bo\/mediamonitor\/wp-json\/wp\/v2\/media?parent=38796"}],"wp:term":[{"taxonomy":"category","embeddable":true,"href":"https:\/\/jms.com.bo\/mediamonitor\/wp-json\/wp\/v2\/categories?post=38796"},{"taxonomy":"post_tag","embeddable":true,"href":"https:\/\/jms.com.bo\/mediamonitor\/wp-json\/wp\/v2\/tags?post=38796"}],"curies":[{"name":"wp","href":"https:\/\/api.w.org\/{rel}","templated":true}]}}