{"id":38798,"date":"2022-12-01T07:00:07","date_gmt":"2022-12-01T11:00:07","guid":{"rendered":"https:\/\/jms.com.bo\/mediamonitor\/2022\/12\/01\/senado-tramita-designacion-de-lidia-patty-como-embajadora-en-paraguay\/"},"modified":"2022-12-01T07:00:07","modified_gmt":"2022-12-01T11:00:07","slug":"senado-tramita-designacion-de-lidia-patty-como-embajadora-en-paraguay","status":"publish","type":"post","link":"https:\/\/jms.com.bo\/mediamonitor\/2022\/12\/01\/senado-tramita-designacion-de-lidia-patty-como-embajadora-en-paraguay\/","title":{"rendered":"Senado tramita designaci\u00f3n de Lidia Patty como embajadora en Paraguay"},"content":{"rendered":"<p style=\"text-align: justify;\">La comisi\u00f3n de Pol\u00edtica Internacional de la C\u00e1mara de Senadores propuso a la exdiputada y acusadora en el caso denominador Golpe I, Lidia Patty, como embajadora en la Rep\u00fablica de Paraguay.<\/p>\n<p style=\"text-align: justify;\">En la misma sesi\u00f3n en la que se aprob\u00f3 la Ley del Censo, la presidente de esa comisi\u00f3n, Mar\u00eda Roxana Nacif (MAS), solicit\u00f3 la reposici\u00f3n del proyecto de resoluci\u00f3n camaral 108\/2021-2022, de la anterior legislatura, referente a la designaci\u00f3n de embajador de Bolivia en Paraguay, la que fue aceptada. La comisi\u00f3n, ahora, deber\u00e1 analizarlas y aprobarlas en sesi\u00f3n de comisi\u00f3n, y despu\u00e9s se debe remitir un informe al pleno del Senado para que su tratamiento en sesi\u00f3n reservada.<\/p>\n<p style=\"text-align: justify;\">El exdiputado Am\u00edlcar Barral poste\u00f3 en Twitter que \u201cLidia Patty ser\u00eda designada embajadora en Paraguay, para eso que vuelva Mario Cronenbold. Sabemos que no tienen casi nada para escoger, pero no jodan m\u00e1s nuestro pa\u00eds\u201d.<\/p>\n<p style=\"text-align: justify;\">Este medio, de fuentes del MAS, conoci\u00f3 esa informaci\u00f3n la semana pasada. Patty, exlegisladora del MAS de Evo Morales, present\u00f3 ante la Fiscal\u00eda en noviembre de 2020 una denuncia por sedici\u00f3n, terrorismo y conspiraci\u00f3n contra los que considera fueron promotores de la crisis pol\u00edtica y social de 2019 y que ha ido cobrando algunas responsabilidades.<\/p>\n<p style=\"text-align: justify;\">El primer acusado por Patty fue el gobernador de Santa Cruz, Luis Fernando Camacho, y su padre Jos\u00e9 Luis Camacho; el excomandante de la Polic\u00eda Yury Calder\u00f3n y el exomandante de las FFAA Williams Kaliman.<\/p>\n<p style=\"text-align: justify;\">Tras las elecciones subnacionales, el caso se ampli\u00f3 a la expresidenta Jeanine \u00c1\u00f1ez. En marzo de 2021, la exmandataria fue detenida por este hecho, aunque luego fue procesada y sentenciada a 10 a\u00f1os de prisi\u00f3n por otro proceso. De hecho, el caso Golpe I no ha avanzado y a\u00fan est\u00e1 pendiente.<\/p>\n<p style=\"text-align: justify;\">En abril de este a\u00f1o, Patty se postul\u00f3 como candidata a la Defensor\u00eda del Pueblo, pero fue inhabilitada porque \u201cno ha cumplido con los requisitos establecido en el art\u00edculo 8. Cuenta con militancia pol\u00edtica y habr\u00eda sido candidata en las elecciones pasadas\u201d, inform\u00f3 la diputada Gabriela Ferrel (CC), integrante de la comisi\u00f3n que revis\u00f3 los documentos.<\/p>\n<p style=\"text-align: justify;\">En la Asamblea hay mucha prudencia con el tema, porque debe ser tratado en reserva. Sin embargo, el senador F\u00e9lix Ajpi, del MAS, se\u00f1al\u00f3 que desconoce se ese eventual nombramiento, pero manifest\u00f3 que \u201cvamos a evaluarlo\u201d. La norma establece que para ser embajador, el postulante debe cumplir ciertos requisitos. \u201cVeremos si es que la hermana los cumple o no, pero no me puedo pronunciar sobre esto con mayor detalle\u201d, manifest\u00f3.<\/p>\n<p style=\"text-align: justify;\">La senadora Centa Rek, de Creemos, se\u00f1al\u00f3 que esto no est\u00e1 confirmado. \u201cEn caso de que se diera, me parece una mala se\u00f1al. Mostrar\u00eda que el MAS y Evo Morales, en espec\u00edfico, contin\u00faa cuoteando el servicio exterior\u201d, dijo.<\/p>\n<p style=\"text-align: justify;\">Asegur\u00f3 que Patty es \u201cevista\u201d, pero record\u00f3 que el exministro de Justicia H\u00e9ctor Arce es embajador ante la Organizaci\u00f3n de Estados Americanos (OEA) y el excanciller Diego Pary es representante la Organizaci\u00f3n de Naciones Unidas, entre otros.<\/p>\n<p style=\"text-align: justify;\">\u201cPatty no es una persona que tenga estudios en el \u00e1rea diplom\u00e1tica, dar\u00eda muestras de que se utilizan cargos en las embajadas con fines prebendalistas y de cuoteo de alg\u00fan ala del MAS. No por hablar mal de ella, ni discriminarla porque ella puede cumplir otras funciones, pero ser\u00eda una degradaci\u00f3n del servicio diplom\u00e1tico. No tiene carrera ni acreditaci\u00f3n, qu\u00e9 papel puede tener en el servicio exterior\u201d.<\/p>\n<p style=\"text-align: justify;\">Antecedente<\/p>\n<p style=\"text-align: justify;\">El \u00faltimo embajador que tuvo el pa\u00eds en Asunci\u00f3n fue el exalcalde de Warnes y excandidato a la Gobernaci\u00f3n de Santa Cruz Mario Cronenbold, quien fue retirado por un tuit que enfureci\u00f3 a la Canciller\u00eda paraguaya.<\/p>\n<p style=\"text-align: justify;\">El Ministerio de Relaciones Exteriores de Bolivia anunci\u00f3 en noviembre de 2021 el cese de funciones de Cronenbold. El canciller Rogelio Mayta lo convoc\u00f3 a La Paz y se decidi\u00f3 alejarlo de sus funciones por subir un video en el que se burla de las tradiciones paraguayas. La C\u00e1mara de Diputados de Paraguay hab\u00eda declarado persona no grata a Cronenbold.<\/p>\n<p style=\"text-align: justify;\">\u201cTras recibir el informe y evaluar las circunstancias, el embajador Cronenbold fue cesado de sus funciones en fecha 1 de noviembre de 2021\u201d, inform\u00f3 Canciller\u00eda de Bolivia mediante un comunicado de prensa.<\/p>\n<p style=\"text-align: justify;\">Para Centa Rek y otros representantes de oposici\u00f3n, Paraguay es un pa\u00eds con el que Bolivia tiene una relaci\u00f3n bilateral muy importante, porque es un pa\u00eds lim\u00edtrofe, por lo que se debe promover las relaciones comerciales. Adem\u00e1s, se debe trabajar en el tr\u00e1fico de drogas, especialmente marihuana, un problema de debe verse con sumo cuidado entre representantes de los dos pa\u00edses.<\/p>\n","protected":false},"excerpt":{"rendered":"<p>La comisi\u00f3n de Pol\u00edtica Internacional de la C\u00e1mara de Senadores propuso a la exdiputada y acusadora en el caso denominador Golpe I, Lidia Patty, como embajadora en la Rep\u00fablica de Paraguay. En la misma sesi\u00f3n en la que se aprob\u00f3 la Ley del Censo, la presidente de esa comisi\u00f3n, Mar\u00eda Roxana Nacif (MAS), solicit\u00f3 la [&hellip;]<\/p>\n","protected":false},"author":4,"featured_media":38799,"comment_status":"open","ping_status":"open","sticky":false,"template":"","format":"standard","meta":{"footnotes":""},"categories":[18],"tags":[],"class_list":{"0":"post-38798","1":"post","2":"type-post","3":"status-publish","4":"format-standard","5":"has-post-thumbnail","7":"category-politica"},"_links":{"self":[{"href":"https:\/\/jms.com.bo\/mediamonitor\/wp-json\/wp\/v2\/posts\/38798","targetHints":{"allow":["GET"]}}],"collection":[{"href":"https:\/\/jms.com.bo\/mediamonitor\/wp-json\/wp\/v2\/posts"}],"about":[{"href":"https:\/\/jms.com.bo\/mediamonitor\/wp-json\/wp\/v2\/types\/post"}],"author":[{"embeddable":true,"href":"https:\/\/jms.com.bo\/mediamonitor\/wp-json\/wp\/v2\/users\/4"}],"replies":[{"embeddable":true,"href":"https:\/\/jms.com.bo\/mediamonitor\/wp-json\/wp\/v2\/comments?post=38798"}],"version-history":[{"count":0,"href":"https:\/\/jms.com.bo\/mediamonitor\/wp-json\/wp\/v2\/posts\/38798\/revisions"}],"wp:featuredmedia":[{"embeddable":true,"href":"https:\/\/jms.com.bo\/mediamonitor\/wp-json\/wp\/v2\/media\/38799"}],"wp:attachment":[{"href":"https:\/\/jms.com.bo\/mediamonitor\/wp-json\/wp\/v2\/media?parent=38798"}],"wp:term":[{"taxonomy":"category","embeddable":true,"href":"https:\/\/jms.com.bo\/mediamonitor\/wp-json\/wp\/v2\/categories?post=38798"},{"taxonomy":"post_tag","embeddable":true,"href":"https:\/\/jms.com.bo\/mediamonitor\/wp-json\/wp\/v2\/tags?post=38798"}],"curies":[{"name":"wp","href":"https:\/\/api.w.org\/{rel}","templated":true}]}}