{"id":38800,"date":"2022-12-01T07:01:39","date_gmt":"2022-12-01T11:01:39","guid":{"rendered":"https:\/\/jms.com.bo\/mediamonitor\/2022\/12\/01\/mercado-se-aprobo-la-ley-del-censo-para-pacificar-santa-cruz-no-hubo-ningun-pacto\/"},"modified":"2022-12-01T07:01:39","modified_gmt":"2022-12-01T11:01:39","slug":"mercado-se-aprobo-la-ley-del-censo-para-pacificar-santa-cruz-no-hubo-ningun-pacto","status":"publish","type":"post","link":"https:\/\/jms.com.bo\/mediamonitor\/2022\/12\/01\/mercado-se-aprobo-la-ley-del-censo-para-pacificar-santa-cruz-no-hubo-ningun-pacto\/","title":{"rendered":"Mercado: Se aprob\u00f3 la Ley del Censo para pacificar Santa Cruz; no hubo ning\u00fan pacto"},"content":{"rendered":"<p style=\"text-align: justify;\">El presidente de la C\u00e1mara de Diputados, Jerges Mercado (MAS), afirm\u00f3 que la Ley del Censo se aprob\u00f3 para pacificar Santa Cruz, que protagonizaba un paro indefinido, y neg\u00f3 un pacto con la derecha, como afirmaron legisladores, tambi\u00e9n, oficialistas.<\/p>\n<p style=\"text-align: justify;\">\u201cLa ley que hemos aprobado fue para devolver la paz y normalidad a Santa Cruz, a nuestro pa\u00eds, pues en menos de seis horas de haberla aprobado en Diputados se dio por concluido el conflicto en nuestra tierra cruce\u00f1a\u201d, afirm\u00f3 la autoridad.<\/p>\n<p style=\"text-align: justify;\">Asimismo, aclar\u00f3 que no hubo ning\u00fan acercamiento con Creemos ni Comunidad Ciudadana (CC), con fines de divisi\u00f3n o desestabilizaci\u00f3n, como denunciaron asamble\u00edstas masistas.<\/p>\n<p style=\"text-align: justify;\">\u201cNo somos traidores (\u2026), no hubo ning\u00fan tipo de pacto pol\u00edtico ni acuerdo con ning\u00fan grupo. Hubo di\u00e1logo, con aquellos que estaban dispuestos a ponerse en los zapatos del pueblo boliviano\u201d, afirm\u00f3 Mercado durante una conferencia en Santa Cruz.<\/p>\n<p style=\"text-align: justify;\">El fin de semana, tras varios cuartos intermedios, bochornos y ausencia de acuerdo previo, la C\u00e1mara de Diputados aprob\u00f3 la Ley para la Distribuci\u00f3n de Esca\u00f1os en Base a los Resultados del Censo de Poblaci\u00f3n y Vivienda 2024.<\/p>\n<p style=\"text-align: justify;\">En funci\u00f3n a esa norma, en septiembre de 2024, se realizar\u00e1 la redistribuci\u00f3n de los recursos de coparticipaci\u00f3n a los nueve departamentos y se realizar\u00e1 la reasignaci\u00f3n de esca\u00f1os, para las elecciones generales del 2025.<\/p>\n<p style=\"text-align: justify;\">El martes, la norma fue sancionada por el Senado y pas\u00f3 al Ejecutivo, donde debe ser promulgada por el Presidente del Estado.<\/p>\n<p style=\"text-align: justify;\">No obstante, durante el debate, los legisladores afines al expresidente Evo Morales, intentaron bloquear su tratamiento.<\/p>\n<p style=\"text-align: justify;\">En tanto, los denominados \u201crenovadores\u201d, del bloque del mandatario Luis Arce, agilizaron la aprobaci\u00f3n, lo que gener\u00f3 un intercambio de cr\u00edticas y distanciamiento entre los oficialistas.<\/p>\n<p style=\"text-align: justify;\">El senador Leonardo Loza (MAS) afirm\u00f3 que la Ley del Censo fue sancionada \u201cpor la derecha\u201d y algunos legisladores de su partido.<\/p>\n<p style=\"text-align: justify;\">Esa ley \u201cno (la) aprob\u00f3 la bancada del MAS; (la) aprob\u00f3 la bancada de CC, la bancada de Creemos, con la participaci\u00f3n de algunos senadores del MAS\u201d, cuestion\u00f3.<\/p>\n<p style=\"text-align: justify;\">Para el expresidente Morales, ese \u201cpacto\u201d incidir\u00e1 directamente en la distribuci\u00f3n de esca\u00f1os parlamentarios.<\/p>\n<p style=\"text-align: justify;\">\u201cOjal\u00e1 que no pase eso, pero Chuquisaca, Potos\u00ed, Oruro y La Paz pierden uno o dos esca\u00f1os; esos esca\u00f1os se van ir a Santa Cruz\u201d, calcul\u00f3.<\/p>\n<p style=\"text-align: justify;\">Sin embargo, el rector de la Universidad Gabriel Ren\u00e9 Moreno, Vicente Cu\u00e9llar, descart\u00f3 un posible acercamiento entre las distintas bancadas, como fue insinuado por legisladores del MAS.<\/p>\n<p style=\"text-align: justify;\">Mercado afirm\u00f3 que se trat\u00f3 de un trabajo en consenso y que la mayor\u00eda masista respald\u00f3 la propuesta.<\/p>\n<p style=\"text-align: justify;\">\u201cHubo diputados y senadores que no supieron leer la realidad del pueblo cruce\u00f1o que estaba sufriendo\u201d, afirm\u00f3 Mercado.<\/p>\n","protected":false},"excerpt":{"rendered":"<p>El presidente de la C\u00e1mara de Diputados, Jerges Mercado (MAS), afirm\u00f3 que la Ley del Censo se aprob\u00f3 para pacificar Santa Cruz, que protagonizaba un paro indefinido, y neg\u00f3 un pacto con la derecha, como afirmaron legisladores, tambi\u00e9n, oficialistas. \u201cLa ley que hemos aprobado fue para devolver la paz y normalidad a Santa Cruz, a [&hellip;]<\/p>\n","protected":false},"author":4,"featured_media":38801,"comment_status":"open","ping_status":"open","sticky":false,"template":"","format":"standard","meta":{"footnotes":""},"categories":[18,48,46],"tags":[],"class_list":{"0":"post-38800","1":"post","2":"type-post","3":"status-publish","4":"format-standard","5":"has-post-thumbnail","7":"category-politica","8":"category-portada-general-sitio","9":"category-portada-politica"},"_links":{"self":[{"href":"https:\/\/jms.com.bo\/mediamonitor\/wp-json\/wp\/v2\/posts\/38800","targetHints":{"allow":["GET"]}}],"collection":[{"href":"https:\/\/jms.com.bo\/mediamonitor\/wp-json\/wp\/v2\/posts"}],"about":[{"href":"https:\/\/jms.com.bo\/mediamonitor\/wp-json\/wp\/v2\/types\/post"}],"author":[{"embeddable":true,"href":"https:\/\/jms.com.bo\/mediamonitor\/wp-json\/wp\/v2\/users\/4"}],"replies":[{"embeddable":true,"href":"https:\/\/jms.com.bo\/mediamonitor\/wp-json\/wp\/v2\/comments?post=38800"}],"version-history":[{"count":0,"href":"https:\/\/jms.com.bo\/mediamonitor\/wp-json\/wp\/v2\/posts\/38800\/revisions"}],"wp:featuredmedia":[{"embeddable":true,"href":"https:\/\/jms.com.bo\/mediamonitor\/wp-json\/wp\/v2\/media\/38801"}],"wp:attachment":[{"href":"https:\/\/jms.com.bo\/mediamonitor\/wp-json\/wp\/v2\/media?parent=38800"}],"wp:term":[{"taxonomy":"category","embeddable":true,"href":"https:\/\/jms.com.bo\/mediamonitor\/wp-json\/wp\/v2\/categories?post=38800"},{"taxonomy":"post_tag","embeddable":true,"href":"https:\/\/jms.com.bo\/mediamonitor\/wp-json\/wp\/v2\/tags?post=38800"}],"curies":[{"name":"wp","href":"https:\/\/api.w.org\/{rel}","templated":true}]}}