{"id":39535,"date":"2022-12-13T07:27:57","date_gmt":"2022-12-13T11:27:57","guid":{"rendered":"https:\/\/jms.com.bo\/mediamonitor\/2022\/12\/13\/acusan-al-gobierno-de-promover-conflictos-y-este-senala-a-la-dirigencia-crucena\/"},"modified":"2022-12-13T07:27:57","modified_gmt":"2022-12-13T11:27:57","slug":"acusan-al-gobierno-de-promover-conflictos-y-este-senala-a-la-dirigencia-crucena","status":"publish","type":"post","link":"https:\/\/jms.com.bo\/mediamonitor\/2022\/12\/13\/acusan-al-gobierno-de-promover-conflictos-y-este-senala-a-la-dirigencia-crucena\/","title":{"rendered":"Acusan al Gobierno de promover conflictos y este se\u00f1ala a la dirigencia cruce\u00f1a"},"content":{"rendered":"<div class=\"content-aside\">\n<article>\n<div class=\"media\">\n<div class=\"holder\">\n<div class=\"slick-slider gallery-holder slick-initialized\">\n<div class=\"slick-list\">\n<div class=\"slick-track\">\n<div class=\"slick-slide slick-active slick-current\" tabindex=\"-1\" data-index=\"0\" aria-hidden=\"false\">\n<blockquote>\n<figure class=\"slide slide-image\" tabindex=\"-1\">\n<span style=\"color: #111111; font-family: Roboto, sans-serif; font-size: 27px;\">Expertos y analistas aseguran que desde el oficialismo intentan destruir la estructura econ\u00f3mica y pol\u00edtica de Santa Cruz. Provocan tensi\u00f3n con la ocupaci\u00f3n de tierras y de espacios p\u00fablicos. Desde el Ejecutivo acusan a Camacho y a Calvo<\/span><\/figure>\n<\/blockquote>\n<div>\n<p>El conflicto y la polarizaci\u00f3n pol\u00edtica ya son cotidianos en Santa Cruz. Analistas pol\u00edticos coinciden en que la ocupaci\u00f3n violenta de tierras urbanas y rurales, as\u00ed como la toma por la fuerza de espacios p\u00fablicos en la capital forman parte de una estrategia del Gobierno y del<b>\u00a0MAS para destruir la estructura de poder econ\u00f3mico y pol\u00edtico<\/b>\u00a0demostrado por el departamento durante los 36 d\u00edas de paro c\u00edvico, que buscaba la oportuna realizaci\u00f3n del Censo.<\/p>\n<\/div>\n<div>\n<p>En ese aspecto coinciden, por separado analistas y expertos en resoluci\u00f3n de conflictos ante la tensi\u00f3n que se produce con los comerciantes ambulantes denominados \u201cma\u00f1aneros\u201d que\u00a0<b>utilizan m\u00e9todos violentos para asentarse<\/b>\u00a0en el cuarto anillo, en los alrededores de la Feria Barrio Lindo; con el grupo organizado que ocupan ilegalmente unos terrenos en la zona del parque regional Lomas de Arena y de las personas armadas que ingresaron hace dos semanas en una propiedad agropecuaria ubicada en Guarayos.<\/p>\n<\/div>\n<div>\n<p>El conflicto es visto con otra \u00f3ptica desde La Paz. El s\u00e1bado, el vocero presidencial, Jorge Richter, acus\u00f3 al gobernador Luis Fernando Camacho y al c\u00edvico R\u00f3mulo Calvo por el conflicto. Ayer, el ministro de Gobierno, Eduardo del Castillo, lleg\u00f3 a Santa Cruz para reunirse con diferentes sectores y\u00a0<b>para instruir los operativos policiales<\/b>\u00a0donde corresponda; asegura que actuar\u00e1 con todo el peso de la ley y en el marco de la Constituci\u00f3n.<\/p>\n<\/div>\n<div>\n<p>En Santa Cruz la situaci\u00f3n tiene otros puntos de vista. A decir de Gustavo Pedraza, experto en Resoluci\u00f3n de Conflictos, el problema se debe a que \u201c<b>el Gobierno quiere seguir acosando a la estructura de poder de Santa Cruz<\/b>. No ha logrado doblegar a los cruce\u00f1os y, por lo tanto, seguir\u00e1 atacando\u201d, dijo en Influyentes de EL DEBER Radio.<\/p>\n<\/div>\n<div>\n<p>\u201c\u00bf<b>Qu\u00e9 sucede cuando el estado no reacciona<\/b>? La gente se moviliza en las calles. El Estado no funciona como tal porque est\u00e1 tomado por el partido\u201d, se\u00f1al\u00f3 el experto. Mencion\u00f3 que Santa Cruz de la Sierra fue el n\u00facleo del conflicto durante los 36 d\u00edas de paro y los \u201cma\u00f1aneros\u201d, as\u00ed como las personas que ocupan el predio en las Lomas de Arena fueron parte activa en este conflicto.<\/p>\n<\/div>\n<div>\n<p>Los comerciantes participaron de la marcha del 10 de noviembre en la que hubo agresi\u00f3n a personas que estaban en los puntos de bloqueos, se produjo<b>\u00a0la quema de la sede de la Federaci\u00f3n de Campesinos<\/b>\u00a0y la toma de la COD. Por otro lado, la ocupaci\u00f3n de las tierras en los alrededores de la refiner\u00eda de Palmasola ocurri\u00f3 el d\u00eda despu\u00e9s del denominado \u201ccabildo del pueblo\u201d, del 21 de octubre, que tambi\u00e9n coincide con la toma de las instalaciones de YPFB, desde donde se distribuye el combustible a la ciudad y provincias. Seg\u00fan las denuncias p\u00fablicas, los afines al MAS contaban con el apoyo de la Polic\u00eda.<\/p>\n<\/div>\n<div>\n<p><b>\u00abNo hay frontera entre el Estado y el partido<\/b>, atacan al departamento a trav\u00e9s del Ministerio P\u00fablico y de la Polic\u00eda\u201d, se\u00f1al\u00f3 Pedraza.<\/p>\n<\/div>\n<div>\n<p>La declaraci\u00f3n del experto coincidi\u00f3 con la visita que cumpli\u00f3 ayer el fiscal departamental, Roger Mariaca, la primera desde que estall\u00f3 el conflicto hace m\u00e1s de una semana. El fiscal se comprometi\u00f3 con los propietarios del predio ocupado a solicitar apoyo de la Polic\u00eda para que garanticen la seguridad de las personas y de la propiedad.<\/p>\n<\/div>\n<div>\n<p>A su vez, el abogado constitucionalista y analista pol\u00edtico Paul Antonio Coca asegur\u00f3 que\u00a0<b>existe \u201cviolencia de Estado contra Santa Cruz\u201d<\/b>\u00a0por una cuesti\u00f3n de revancha.<\/p>\n<\/div>\n<\/div>\n<\/div>\n<\/div>\n<\/div>\n<\/div>\n<\/div>\n<\/article>\n<\/div>\n","protected":false},"excerpt":{"rendered":"<p>Expertos y analistas aseguran que desde el oficialismo intentan destruir la estructura econ\u00f3mica y pol\u00edtica de Santa Cruz. Provocan tensi\u00f3n con la ocupaci\u00f3n de tierras y de espacios p\u00fablicos. Desde el Ejecutivo acusan a Camacho y a Calvo El conflicto y la polarizaci\u00f3n pol\u00edtica ya son cotidianos en Santa Cruz. Analistas pol\u00edticos coinciden en que [&hellip;]<\/p>\n","protected":false},"author":1,"featured_media":39537,"comment_status":"open","ping_status":"open","sticky":false,"template":"","format":"standard","meta":{"footnotes":""},"categories":[49],"tags":[],"class_list":{"0":"post-39535","1":"post","2":"type-post","3":"status-publish","4":"format-standard","5":"has-post-thumbnail","7":"category-social"},"_links":{"self":[{"href":"https:\/\/jms.com.bo\/mediamonitor\/wp-json\/wp\/v2\/posts\/39535","targetHints":{"allow":["GET"]}}],"collection":[{"href":"https:\/\/jms.com.bo\/mediamonitor\/wp-json\/wp\/v2\/posts"}],"about":[{"href":"https:\/\/jms.com.bo\/mediamonitor\/wp-json\/wp\/v2\/types\/post"}],"author":[{"embeddable":true,"href":"https:\/\/jms.com.bo\/mediamonitor\/wp-json\/wp\/v2\/users\/1"}],"replies":[{"embeddable":true,"href":"https:\/\/jms.com.bo\/mediamonitor\/wp-json\/wp\/v2\/comments?post=39535"}],"version-history":[{"count":0,"href":"https:\/\/jms.com.bo\/mediamonitor\/wp-json\/wp\/v2\/posts\/39535\/revisions"}],"wp:featuredmedia":[{"embeddable":true,"href":"https:\/\/jms.com.bo\/mediamonitor\/wp-json\/wp\/v2\/media\/39537"}],"wp:attachment":[{"href":"https:\/\/jms.com.bo\/mediamonitor\/wp-json\/wp\/v2\/media?parent=39535"}],"wp:term":[{"taxonomy":"category","embeddable":true,"href":"https:\/\/jms.com.bo\/mediamonitor\/wp-json\/wp\/v2\/categories?post=39535"},{"taxonomy":"post_tag","embeddable":true,"href":"https:\/\/jms.com.bo\/mediamonitor\/wp-json\/wp\/v2\/tags?post=39535"}],"curies":[{"name":"wp","href":"https:\/\/api.w.org\/{rel}","templated":true}]}}