{"id":39538,"date":"2022-12-13T07:29:27","date_gmt":"2022-12-13T11:29:27","guid":{"rendered":"https:\/\/jms.com.bo\/mediamonitor\/2022\/12\/13\/fiscalia-inspecciona-zona-acuifera-avasallada-e-inra-preve-17-desalojos\/"},"modified":"2022-12-13T07:29:27","modified_gmt":"2022-12-13T11:29:27","slug":"fiscalia-inspecciona-zona-acuifera-avasallada-e-inra-preve-17-desalojos","status":"publish","type":"post","link":"https:\/\/jms.com.bo\/mediamonitor\/2022\/12\/13\/fiscalia-inspecciona-zona-acuifera-avasallada-e-inra-preve-17-desalojos\/","title":{"rendered":"Fiscal\u00eda inspecciona zona acu\u00edfera avasallada e INRA prev\u00e9 17 desalojos"},"content":{"rendered":"<p class=\"rtejustify\" data-fetch=\"true\">Una comisi\u00f3n encabezada por el fiscal departamental de Santa Cruz, Roger Mariaca, inspeccion\u00f3 ayer la zona de acu\u00edferos pr\u00f3xima a Las Lomas de Arena (Santa Cruz) y constat\u00f3 da\u00f1os ambienta-les provocados por el avasallamiento de estos predios. Mientras tanto, el Instituto Nacional de Reforma Agraria (INRA) anunci\u00f3 el desalojo de 17 asentamientos ilegales en este departamento.<\/p>\n<div id=\"_ppads_video\">\n<p class=\"rtejustify\">Mariaca, acompa\u00f1ado de autoridades departamentales y municipales, lleg\u00f3 hasta los terrenos de la familia Kim, avasallada desde el 21 de octubre, y fue recibido con cohetes por los loteadores. Ante la falta de seguridad, el recorrido fue de solamente 50 metros.<\/p>\n<p class=\"rtejustify\">Pese a ello, el fiscal departamental asegur\u00f3 que no se permitir\u00e1n avasallamientos en Santa Cruz, por lo que se conformaron distintas comisiones que investigar\u00e1n similares casos en Guarayos.<\/p>\n<p class=\"rtejustify\">\u201cNo vamos a permitir que haya el tema de tr\u00e1fico o avasallamiento de tierras en nuestro departamento\u201d, asegur\u00f3 Mariaca a tiempo de precisar que se abrieron dos casos relacionados a estos hechos: el primero, por el delito de avasallamiento y, el segundo, por delitos ambientales.<\/p>\n<p class=\"rtejustify\" data-fetch=\"true\">Tambi\u00e9n inst\u00f3 a las personas v\u00edctimas de avasallamiento de tierras a acudir a la Polic\u00eda y la Fiscal\u00eda para sentar las respectivas denuncias. \u201cVamos a pedir a la Polic\u00eda boliviana que se ponga bajo la direcci\u00f3n funcional del Ministerio P\u00fablico a objeto de poder esclarecer (los hechos)\u201d, dijo.<\/p>\n<p class=\"rtejustify\">La asamble\u00edsta departamental Paola Aguirre, que form\u00f3 parte de la comisi\u00f3n, dijo que hay flagrancia en tres hechos il\u00edcitos: el primero tiene que ver con el avasallamiento de la propiedad privada.<\/p>\n<p class=\"rtejustify\">El segundo est\u00e1 relacionado con la violencia que hubo durante los enfrentamientos entre los avasalladores y los vecinos que se organizaron con la finalidad de ejecutar un desalojo la semana pasada. El tercer hecho il\u00edcito, seg\u00fan Aguirre, es el da\u00f1o ambiental, dado que esta zona alberga acu\u00edferos que proveen agua potable a la regi\u00f3n metropolitana de Santa Cruz.<\/p>\n<p class=\"rtejustify\">\u201cToda la poblaci\u00f3n del departamento de Santa Cruz podemos sufrir en algunos a\u00f1os los perjuicios inminentes de este da\u00f1o medioambiental\u201d, advirti\u00f3.<\/p>\n<p class=\"rtejustify\" data-fetch=\"true\">El director nacional del INRA, Eulogio N\u00fa\u00f1ez, report\u00f3 que en el pa\u00eds existen 208 denuncias acumuladas de avasallamientos y anunci\u00f3 que en los pr\u00f3ximos d\u00edas se ejecutar\u00e1n 17 desalojos en Santa Cruz con ayuda de la fuerza p\u00fablica.<\/p>\n<p class=\"rtejustify\">\u201cA nivel nacional, un acumulado que tiene el INRA, es de 208 avasallamientos en los nueve departamentos (\u2026). Tenemos 17 intimaciones en Santa Cruz y, por estrategia, el Gobierno no va a decir cu\u00e1ndo y en qu\u00e9 predios se va a proceder el desalojo donde hay intimaci\u00f3n y es \u00e1rea de su competencia del INRA estas 17 intimaciones que se va a proceder. Se va a proceder en los pr\u00f3ximos d\u00edas al desalojo con auxilio de la fuerza p\u00fablica y nosotros pedimos a los avasalladores, que ya saben que est\u00e1n intimados, que se vayan retirando\u201d, advirti\u00f3 el director del INRA.<\/p>\n<p class=\"rtejustify\">\n<p class=\"rtejustify\"><strong>Gobierno anuncia operativos<\/strong><\/p>\n<p class=\"rtejustify\" data-fetch=\"true\">El ministro de Gobierno, Eduardo del Castillo, inform\u00f3 ayer que sostendr\u00e1 en Santa Cruz reuniones con distintas partes involucradas con los avasallamientos.<\/p>\n<p class=\"rtejustify\">\u201cVamos a sostener reuniones con todas las partes involucradas y a partir de ma\u00f1ana vamos a realizar los operativos correspondientes\u201d, dijo la autoridad, seg\u00fan un reporte de Unitel.<\/p>\n<p class=\"rtejustify\">Del Castillo asegur\u00f3 que se actuar\u00e1 con todo el peso de la ley, al margen de quienes est\u00e9n involucrados.<\/p>\n<p class=\"rtejustify\">Adem\u00e1s, se refiri\u00f3 a las denuncias de inacci\u00f3n de la Polic\u00eda para evitar momentos de violencia en Santa Cruz. \u201cEl accionar de la Polic\u00eda se realiz\u00f3 en el marco de la Constituci\u00f3n. No obstante, siempre podemos mejorar nuestro trabajo\u201d, dijo antes de anunciar los operativos.<\/p>\n<\/div>\n","protected":false},"excerpt":{"rendered":"<p>Una comisi\u00f3n encabezada por el fiscal departamental de Santa Cruz, Roger Mariaca, inspeccion\u00f3 ayer la zona de acu\u00edferos pr\u00f3xima a Las Lomas de Arena (Santa Cruz) y constat\u00f3 da\u00f1os ambienta-les provocados por el avasallamiento de estos predios. Mientras tanto, el Instituto Nacional de Reforma Agraria (INRA) anunci\u00f3 el desalojo de 17 asentamientos ilegales en este [&hellip;]<\/p>\n","protected":false},"author":1,"featured_media":39536,"comment_status":"open","ping_status":"open","sticky":false,"template":"","format":"standard","meta":{"footnotes":""},"categories":[49],"tags":[],"class_list":{"0":"post-39538","1":"post","2":"type-post","3":"status-publish","4":"format-standard","5":"has-post-thumbnail","7":"category-social"},"_links":{"self":[{"href":"https:\/\/jms.com.bo\/mediamonitor\/wp-json\/wp\/v2\/posts\/39538","targetHints":{"allow":["GET"]}}],"collection":[{"href":"https:\/\/jms.com.bo\/mediamonitor\/wp-json\/wp\/v2\/posts"}],"about":[{"href":"https:\/\/jms.com.bo\/mediamonitor\/wp-json\/wp\/v2\/types\/post"}],"author":[{"embeddable":true,"href":"https:\/\/jms.com.bo\/mediamonitor\/wp-json\/wp\/v2\/users\/1"}],"replies":[{"embeddable":true,"href":"https:\/\/jms.com.bo\/mediamonitor\/wp-json\/wp\/v2\/comments?post=39538"}],"version-history":[{"count":0,"href":"https:\/\/jms.com.bo\/mediamonitor\/wp-json\/wp\/v2\/posts\/39538\/revisions"}],"wp:featuredmedia":[{"embeddable":true,"href":"https:\/\/jms.com.bo\/mediamonitor\/wp-json\/wp\/v2\/media\/39536"}],"wp:attachment":[{"href":"https:\/\/jms.com.bo\/mediamonitor\/wp-json\/wp\/v2\/media?parent=39538"}],"wp:term":[{"taxonomy":"category","embeddable":true,"href":"https:\/\/jms.com.bo\/mediamonitor\/wp-json\/wp\/v2\/categories?post=39538"},{"taxonomy":"post_tag","embeddable":true,"href":"https:\/\/jms.com.bo\/mediamonitor\/wp-json\/wp\/v2\/tags?post=39538"}],"curies":[{"name":"wp","href":"https:\/\/api.w.org\/{rel}","templated":true}]}}