{"id":39543,"date":"2022-12-13T07:33:41","date_gmt":"2022-12-13T11:33:41","guid":{"rendered":"https:\/\/jms.com.bo\/mediamonitor\/2022\/12\/13\/el-fuego-arraso-con-370mil-ha-de-la-serrania-del-aguarague\/"},"modified":"2022-12-13T07:33:41","modified_gmt":"2022-12-13T11:33:41","slug":"el-fuego-arraso-con-370mil-ha-de-la-serrania-del-aguarague","status":"publish","type":"post","link":"https:\/\/jms.com.bo\/mediamonitor\/2022\/12\/13\/el-fuego-arraso-con-370mil-ha-de-la-serrania-del-aguarague\/","title":{"rendered":"El fuego arras\u00f3 con 370mil ha de la serran\u00eda del Aguarag\u00fce"},"content":{"rendered":"<blockquote><p><span style=\"color: #000000;\">La lluvia del fin de semana sofoc\u00f3 el total de incendios en el Aguarag\u00fce<\/span><\/p><\/blockquote>\n<p style=\"text-align: justify;\">El\u00a0<a href=\"https:\/\/elpais.bo\/tarija\/20221210_aguarague-el-80-del-incendio-en-villa-montes-fue-controlado.html?fbclid=IwAR17mCFKljCCtLVeOiELmu8S1s97MgdLhvVrAfFudumn7hXvZa__4UtJxrc\">incendio forestal\u00a0<\/a>de magnitud registrado en el parque Aguarag\u00fce, hace aproximadamente una semana atr\u00e1s, arras\u00f3 con 370mil hect\u00e1reas de vegetaci\u00f3n, seg\u00fan datos de la Autoridad de Fiscalizaci\u00f3n y Control Social de Bosques y Tierra (ABT), inform\u00f3 el responsable de Gesti\u00f3n de Riesgos del Gobierno Municipal de Yacuiba, Horacio Cabrera.<\/p>\n<p style=\"text-align: justify;\">El fuego se encontraba en un lugar accidentado y de dif\u00edcil acceso para el desarrollo de tareas de sofocaci\u00f3n por tierra. Sin embargo, la lluvia del s\u00e1bado y domingo ayud\u00f3 a mitigar todos los focos de calor que se registraban en este Parque Nacional y \u00c1rea Natural de Manejo Integrado de la Serran\u00eda del Aguarag\u00fce, que es reguladora del r\u00e9gimen h\u00eddrico de la llanura chaque\u00f1a y fuente de agua de las ciudades de Villa Montes, Yacuiba y Carapar\u00ed.<\/p>\n<div class=\"uk-text-center\" style=\"text-align: justify;\">\n<div class=\"uk-visible@m\"><\/div>\n<\/div>\n<p style=\"text-align: justify;\">\u201cGracias a Dios esta lluvia que se ha manifestado en el municipio de Villa Montes ha sido de bastante ayuda, donde ha podido ayudar a mitigar y sofocar los focos de calor que ten\u00edamos en la Serran\u00eda del\u00a0Aguarag\u00fce. En la regi\u00f3n del Gran Chaco no queda registro de alg\u00fan foco de calor\u201d, dijo en contacto con Fides.<\/p>\n","protected":false},"excerpt":{"rendered":"<p>La lluvia del fin de semana sofoc\u00f3 el total de incendios en el Aguarag\u00fce El\u00a0incendio forestal\u00a0de magnitud registrado en el parque Aguarag\u00fce, hace aproximadamente una semana atr\u00e1s, arras\u00f3 con 370mil hect\u00e1reas de vegetaci\u00f3n, seg\u00fan datos de la Autoridad de Fiscalizaci\u00f3n y Control Social de Bosques y Tierra (ABT), inform\u00f3 el responsable de Gesti\u00f3n de Riesgos [&hellip;]<\/p>\n","protected":false},"author":1,"featured_media":39541,"comment_status":"open","ping_status":"open","sticky":false,"template":"","format":"standard","meta":{"footnotes":""},"categories":[20],"tags":[],"class_list":{"0":"post-39543","1":"post","2":"type-post","3":"status-publish","4":"format-standard","5":"has-post-thumbnail","7":"category-actualidad"},"_links":{"self":[{"href":"https:\/\/jms.com.bo\/mediamonitor\/wp-json\/wp\/v2\/posts\/39543","targetHints":{"allow":["GET"]}}],"collection":[{"href":"https:\/\/jms.com.bo\/mediamonitor\/wp-json\/wp\/v2\/posts"}],"about":[{"href":"https:\/\/jms.com.bo\/mediamonitor\/wp-json\/wp\/v2\/types\/post"}],"author":[{"embeddable":true,"href":"https:\/\/jms.com.bo\/mediamonitor\/wp-json\/wp\/v2\/users\/1"}],"replies":[{"embeddable":true,"href":"https:\/\/jms.com.bo\/mediamonitor\/wp-json\/wp\/v2\/comments?post=39543"}],"version-history":[{"count":0,"href":"https:\/\/jms.com.bo\/mediamonitor\/wp-json\/wp\/v2\/posts\/39543\/revisions"}],"wp:featuredmedia":[{"embeddable":true,"href":"https:\/\/jms.com.bo\/mediamonitor\/wp-json\/wp\/v2\/media\/39541"}],"wp:attachment":[{"href":"https:\/\/jms.com.bo\/mediamonitor\/wp-json\/wp\/v2\/media?parent=39543"}],"wp:term":[{"taxonomy":"category","embeddable":true,"href":"https:\/\/jms.com.bo\/mediamonitor\/wp-json\/wp\/v2\/categories?post=39543"},{"taxonomy":"post_tag","embeddable":true,"href":"https:\/\/jms.com.bo\/mediamonitor\/wp-json\/wp\/v2\/tags?post=39543"}],"curies":[{"name":"wp","href":"https:\/\/api.w.org\/{rel}","templated":true}]}}