{"id":39549,"date":"2022-12-13T07:40:34","date_gmt":"2022-12-13T11:40:34","guid":{"rendered":"https:\/\/jms.com.bo\/mediamonitor\/2022\/12\/13\/romero-afirma-que-la-dea-opera-con-policias-bolivianos\/"},"modified":"2022-12-13T07:40:34","modified_gmt":"2022-12-13T11:40:34","slug":"romero-afirma-que-la-dea-opera-con-policias-bolivianos","status":"publish","type":"post","link":"https:\/\/jms.com.bo\/mediamonitor\/2022\/12\/13\/romero-afirma-que-la-dea-opera-con-policias-bolivianos\/","title":{"rendered":"Romero afirma que la DEA opera con polic\u00edas bolivianos"},"content":{"rendered":"<blockquote>\n<h3>Record\u00f3 que el expresidente Morales le dijo a Arce que su actual ministro Del Castillo es \u201cnarcotraficante\u201d, el aludido lo compar\u00f3 con \u201cel peor director de cine\u201d.<\/h3>\n<\/blockquote>\n<p class=\"p_0\" style=\"text-align: justify;\">El exministro de Gobierno Carlos Romero denunci\u00f3 ayer que la DEA (Administraci\u00f3n de Control de Drogas, por sus siglas en ingl\u00e9s) opera con polic\u00edas bolivianos, presuntamente con el Gobierno para desprestigiar al exmandatario Evo Morales. La exautoridad se estrell\u00f3 tambi\u00e9n contra la Felcn y el actual ministro de Gobierno, Eduardo del Castillo.<\/p>\n<p class=\"p_1\" style=\"text-align: justify;\">En una conferencia de prensa, en la que adem\u00e1s present\u00f3 un audio en el que supuestamente se escucha a dos agentes de la DEA hablar con un polic\u00eda boliviano, Romero asegur\u00f3 que ese organismo antinarc\u00f3ticos de Estados Unidos opera en Bolivia de forma clandestina, para un \u201ctrabajo pol\u00edtico\u201d.<\/p>\n<p class=\"p_2\" style=\"text-align: justify;\">\u201cEsta investigaci\u00f3n tendr\u00e1 una connotaci\u00f3n grande, tiene que ver con una operaci\u00f3n clandestina que se coordin\u00f3 con la DEA norteamericana y algunos integrantes de la Polic\u00eda y el Ministerio de Gobierno\u201d, revel\u00f3 Romero, acompa\u00f1ado de la exdirectora de la Unidad de Investigaciones Financieras Teresa Morales, quien adem\u00e1s mostraba los documentos audiovisuales.<\/p>\n<p class=\"p_3\" style=\"text-align: justify;\">En el mencionado audio se habla presuntamente de la entrega de tres celulares, los que, de acuerdo con Romero, se tratan de los tel\u00e9fonos que Morales perdi\u00f3 en una concentraci\u00f3n en La Guardia. El audio que no es tan n\u00edtido da a entender que se entregar\u00e1n 3 millones de d\u00f3lares a cambio de los aparatos.<\/p>\n<p class=\"p_4\" style=\"text-align: justify;\">Romero ratific\u00f3 que algunos miembros de la Polic\u00eda est\u00e1n involucrados y armando casos en coordinaci\u00f3n con la DEA, luego cit\u00f3 a Jos\u00e9 Mar\u00eda Velasco, un exjefe de la fuerza antidroga nombrado por la expresidenta Jeanine A\u00f1ez, quien fue investigado por presunto favorecimiento al narcotr\u00e1fico y que, seg\u00fan Romero, fue designado para tener una coordinaci\u00f3n directa con la DEA para as\u00ed armar casos contra el expresidente Morales.<\/p>\n<p class=\"p_5\" style=\"text-align: justify;\">Romero ya hab\u00eda denunciado el 23 de agosto que algunos efectivos de la Polic\u00eda Boliviana y el ministro Del Castillo \u201cheredaron\u201d una estructura de protecci\u00f3n al narcotr\u00e1fico. La autoridad se\u00f1al\u00f3 en ese entonces que la Fuerza Especial de Lucha Contra el Narcotr\u00e1fico (Felcn) fue \u201catravesada\u201d por grupos irregulares ligados con el narcotr\u00e1fico.<\/p>\n<p class=\"p_6\" style=\"text-align: justify;\">Felcn rechaz\u00f3 las acusaciones<\/p>\n<p class=\"p_7\" style=\"text-align: justify;\">Ante las afirmaciones que hizo el exministro Romero, la Felcn emiti\u00f3 ayer un comunicado en el que rechaza esas acusaciones y aclar\u00f3 que desde 2008 no tienen ninguna relaci\u00f3n con la DEA.<\/p>\n<p class=\"p_8\" style=\"text-align: justify;\">\u201cLa Felcn aclara a la opini\u00f3n p\u00fablica que ning\u00fan miembro de esta fuerza realiza operaciones y\/o intercambios de informaci\u00f3n con ning\u00fan agente de la DEA. Por lo que rechazamos enf\u00e1ticamente las declaraciones sin fundamento del se\u00f1or Carlos Romero Bonifaz, quien seguramente en un af\u00e1n de protagonismo pol\u00edtico pretende desprestigiar el trabajo de la Felcn y la no intromisi\u00f3n de agentes internacionales\u201d, indica la parte m\u00e1s importante de la posici\u00f3n oficial de esa fuerza que se difundi\u00f3 ayer por las redes sociales y reproducida por Red Uno.<\/p>\n<p class=\"p_9\" style=\"text-align: justify;\">Contra Del Castillo<\/p>\n<p class=\"p_10\" style=\"text-align: justify;\">El exministro Romero revel\u00f3 ayer en la rueda de prensa, que dio en La Paz, que el expresidente Evo Morales le dijo textualmente al mandatario Luis Arce que el ministro de Gobierno, Eduardo del Castillo, \u201cera un narco\u201d.<\/p>\n<p class=\"p_11\" style=\"text-align: justify;\">\u201cEntiendo que en la reuni\u00f3n del 18 de julio de Sacaba, el presidente Evo Morales delante de la dirigencia del Pacto de Unidad le dijo al presidente Luis Arce en los t\u00e9rminos que acostumbra referirse a Evo Morales, le dijo: \u2018Tu ministro de Gobierno es narco\u2019\u201d, apunt\u00f3 Romero ante los periodistas.<\/p>\n<p class=\"p_12\" style=\"text-align: justify;\">Ante esas declaraciones, el ministro Del Castillo respondi\u00f3 anoche as\u00ed a Romero: \u201cTodo el pueblo boliviano sabe lo que pienso de Carlos Romero. Lo \u00fanico que intenta es en convertirse en Edward Woods, el peor director de cine\u201d, puntualiz\u00f3 la actual autoridad.<\/p>\n<p class=\"p_13\" style=\"text-align: justify;\">Desde el ala radical del Movimiento Al Socialismo (MAS) critican la labor de Del Castillo.<\/p>\n","protected":false},"excerpt":{"rendered":"<p>Record\u00f3 que el expresidente Morales le dijo a Arce que su actual ministro Del Castillo es \u201cnarcotraficante\u201d, el aludido lo compar\u00f3 con \u201cel peor director de cine\u201d. El exministro de Gobierno Carlos Romero denunci\u00f3 ayer que la DEA (Administraci\u00f3n de Control de Drogas, por sus siglas en ingl\u00e9s) opera con polic\u00edas bolivianos, presuntamente con el [&hellip;]<\/p>\n","protected":false},"author":1,"featured_media":39547,"comment_status":"open","ping_status":"open","sticky":false,"template":"","format":"standard","meta":{"footnotes":""},"categories":[18],"tags":[],"class_list":{"0":"post-39549","1":"post","2":"type-post","3":"status-publish","4":"format-standard","5":"has-post-thumbnail","7":"category-politica"},"_links":{"self":[{"href":"https:\/\/jms.com.bo\/mediamonitor\/wp-json\/wp\/v2\/posts\/39549","targetHints":{"allow":["GET"]}}],"collection":[{"href":"https:\/\/jms.com.bo\/mediamonitor\/wp-json\/wp\/v2\/posts"}],"about":[{"href":"https:\/\/jms.com.bo\/mediamonitor\/wp-json\/wp\/v2\/types\/post"}],"author":[{"embeddable":true,"href":"https:\/\/jms.com.bo\/mediamonitor\/wp-json\/wp\/v2\/users\/1"}],"replies":[{"embeddable":true,"href":"https:\/\/jms.com.bo\/mediamonitor\/wp-json\/wp\/v2\/comments?post=39549"}],"version-history":[{"count":0,"href":"https:\/\/jms.com.bo\/mediamonitor\/wp-json\/wp\/v2\/posts\/39549\/revisions"}],"wp:featuredmedia":[{"embeddable":true,"href":"https:\/\/jms.com.bo\/mediamonitor\/wp-json\/wp\/v2\/media\/39547"}],"wp:attachment":[{"href":"https:\/\/jms.com.bo\/mediamonitor\/wp-json\/wp\/v2\/media?parent=39549"}],"wp:term":[{"taxonomy":"category","embeddable":true,"href":"https:\/\/jms.com.bo\/mediamonitor\/wp-json\/wp\/v2\/categories?post=39549"},{"taxonomy":"post_tag","embeddable":true,"href":"https:\/\/jms.com.bo\/mediamonitor\/wp-json\/wp\/v2\/tags?post=39549"}],"curies":[{"name":"wp","href":"https:\/\/api.w.org\/{rel}","templated":true}]}}