{"id":39550,"date":"2022-12-13T07:41:53","date_gmt":"2022-12-13T11:41:53","guid":{"rendered":"https:\/\/jms.com.bo\/mediamonitor\/2022\/12\/13\/jefe-del-ejercito-afirma-que-no-permitira-intentos-separatistas-de-vendepatrias\/"},"modified":"2022-12-13T07:41:53","modified_gmt":"2022-12-13T11:41:53","slug":"jefe-del-ejercito-afirma-que-no-permitira-intentos-separatistas-de-vendepatrias","status":"publish","type":"post","link":"https:\/\/jms.com.bo\/mediamonitor\/2022\/12\/13\/jefe-del-ejercito-afirma-que-no-permitira-intentos-separatistas-de-vendepatrias\/","title":{"rendered":"Jefe del Ej\u00e9rcito afirma que no permitir\u00e1 intentos separatistas de \u201cvendepatrias\u201d"},"content":{"rendered":"<blockquote>\n<h3>Z\u00fa\u00f1iga hizo alusi\u00f3n a los l\u00edderes de Santa Cruz que proponen el federalismo. La oposici\u00f3n lo calific\u00f3 como un \u201cmercenario al servicio del MAS\u201d con intenciones \u201cgolpistas\u201d y pidi\u00f3 a Arce \u201cque se cuide\u201d.<\/h3>\n<\/blockquote>\n<p class=\"p_0\" style=\"text-align: justify;\">El comandante del Ej\u00e9rcito, Juan Jos\u00e9 Z\u00fa\u00f1iga, arremeti\u00f3 ayer contra quienes \u2013seg\u00fan \u00e9l\u2013 promueven una administraci\u00f3n federalista y son opositores al actual gobierno, los calific\u00f3 de \u201cseparatistas\u201d y \u201cvendepatrias\u201d. En su discurso por los 212 a\u00f1os de la instituci\u00f3n, el militar ofreci\u00f3 su vida al presidente Luis Arce, afirm\u00f3 que no se quedar\u00e1 en silencio y neutralizar\u00e1 a las \u201cpeque\u00f1as logias olig\u00e1rquicas\u201d.<\/p>\n<p class=\"p_1\" style=\"text-align: justify;\">\u201cLas logias, que enfrentados a lo que denominan un centralismo maldito promueven un federalismo que luego deviene en separatismo (&#8230;). No debemos quedarnos en silencio ante los aprestos desestabilizadores de peque\u00f1as logias olig\u00e1rquicas que van en contra de la unidad de la patria, que se resisten al imperio de la Constituci\u00f3n, vendepatrias que no cesan en su af\u00e1n est\u00e9ril de da\u00f1ar a la democracia\u201d, dijo Z\u00fa\u00f1iga.<\/p>\n<p class=\"p_2\" style=\"text-align: justify;\">El militar hizo alusi\u00f3n a l\u00edderes c\u00edvicos y pol\u00edticos de Santa Cruz \u2015que en el cabildo del 13 de noviembre hicieron conocer su voluntad de \u201crevisar\u201d la relaci\u00f3n con el Estado. Luego surgieron algunas voces, como la del asesor del comit\u00e9 interinstitucional, Jorge Santistevan, quien afirm\u00f3: \u201cSe est\u00e1 planteando una nueva forma de estados, un Estado federal o una confederaci\u00f3n de estados&#8230;\u201d.<\/p>\n<p class=\"p_3\" style=\"text-align: justify;\">Z\u00fa\u00f1iga dijo que ellos\u2015no respetan la ley y s\u00f3lo tienen dos caminos: \u201cun golpe de Estado o promover un proceso separatista\u201d. Luego de ese discurso, el presidente Arce tom\u00f3 la palabra y refrend\u00f3 la postura pol\u00edtica expresada por el jefe del Ej\u00e9rcito. \u201cEl enemigo interno no descansa y pretende oponerse a las ansias de libertad de nuestros pueblos mediante conjuras antipatri\u00f3ticas, que se expresan en intentos de divisi\u00f3n y separatismo\u201d, sostuvo el mandatario.<\/p>\n<p class=\"p_4\" style=\"text-align: justify;\">El gobernador de Santa Cruz, Fernando Camacho, defendi\u00f3 la idea del federalismo como una \u201cmedida pol\u00edtica hist\u00f3rica\u201d, as\u00ed como fueron las autonom\u00edas. \u201cLa unidad del pa\u00eds no se logra con discursos, sino con democracia, con libertad y con gobiernos que respeten las leyes y no aspiren a perpetuarse en el poder a toda costa, utilizando la justicia y persiguiendo a la oposici\u00f3n\u201d.<\/p>\n<p class=\"p_5\" style=\"text-align: justify;\">La senadora de Creemos Centa Rek calific\u00f3 a Z\u00fa\u00f1iga como \u201cun peligro\u201d para el pa\u00eds y pidi\u00f3 que sea alejado del cargo. \u201cEs m\u00e1s masista que los del MAS, un mercenario de ese partido, con un discurso extremista, sin una relaci\u00f3n con la realidad. Se declar\u00f3 enemigo y criminaliz\u00f3 a todo el pueblo de Santa Cruz en nombre de un partido y de una ideolog\u00eda\u201d, afirm\u00f3.<\/p>\n<p class=\"p_6\" style=\"text-align: justify;\">\u201cOjal\u00e1 que ese discurso cargado de odio, de racismo y de servilismo, que mancha el uniforme del Ej\u00e9rcito de Bolivia, no esconda detr\u00e1s una intenci\u00f3n m\u00e1s negra y m\u00e1s perversa. Hasta el \u2018patr\u00f3n del Chapare\u2019 (Evo Morales) acus\u00f3 a Z\u00fa\u00f1iga de ser experto en sembrar pruebas para inculpar a los opositores de Arce\u201d, dijo la diputada de Creemos Laura Rojas.<\/p>\n<p class=\"p_7\" style=\"text-align: justify;\">El senador de Comunidad Ciudadana (CC) Rodrigo Paz observ\u00f3 que el discurso de Z\u00fa\u00f1iga revela dos aspectos: \u201cque la crisis al interior del Gobierno es m\u00e1s grave\u201d y que el militar busca congraciarse con el presidente del Estado. Pero pidi\u00f3 a Arce \u201cque se cuide\u201d, porque el \u201cmensaje subliminal\u201d del discurso de Z\u00fa\u00f1iga es que, si el mandatario no logra vencer a sus rivales pol\u00edticos, \u00e9l estar\u00eda listo para \u201casumir el mando de la patria, por sobre la constituci\u00f3n\u201d, se\u00f1al\u00f3.<\/p>\n<p class=\"p_8\" style=\"text-align: justify;\">Z\u00fa\u00f1iga fue designado comandante del Ej\u00e9rcito el 1 de noviembre de este a\u00f1o. En 2014, fue sancionado con siete d\u00edas de arresto por el desfalco de 2,7 millones de bolivianos que estaban destinados al pago de bonos Juancito Pinto y Dignidad, en la ciudad de Viacha.<\/p>\n<div id=\"\" class=\"portlet-boundary portlet-static-end content-viewer-portlet TEST-UNC last full-access norestricted\" style=\"text-align: justify;\">\n<div class=\"text TXTFLOW2\">\n<div class=\"text resizable\">\n<div class=\"paragraph texto\">\n<p class=\"p_9\">El diputado por Comunidad Ciudadana (CC) Marcelo Pedrazas anunci\u00f3 que investigar\u00e1 el ascenso del comandante del Ej\u00e9rcito, general Juan Jos\u00e9 Z\u00fa\u00f1iga, por \u201csometer\u201d a esa instituci\u00f3n al \u201cmasismo\u201d.<\/p>\n<p class=\"p_10\">\u201cEscuch\u00e9 el peligroso y partidario discurso del comandante del Ej\u00e9rcito, quien somete a las FFAA al masismo condenando y amenazando a todo aquel que no comulga con el MAS. Investigaremos su ascenso, ya que como N.\u00ba 44 de su curso \u00a1jam\u00e1s debi\u00f3 ser general!\u201d, public\u00f3 el legislador en su cuenta de Twitter.<\/p>\n<p class=\"p_11\">Asimismo, luego de que Z\u00fa\u00f1iga diera su discurso en el acto de aniversario 212 del Ej\u00e9rcito, militares del servicio activo y pasivo condenaron el discurso \u201cpol\u00edtico y servil\u201d del general. \u201cViol\u00f3 la LOFA (Ley Org\u00e1nica de las Fuerzas Armadas), que se\u00f1ala que la instituci\u00f3n es apol\u00edtica y no se presta a seguir una ideolog\u00eda partidaria\u201d, se\u00f1al\u00f3 un exjefe del Ej\u00e9rcito que pidi\u00f3 no dar a conocer su nombre.<\/p>\n<p class=\"p_12\">El coronel del servicio pasivo Jorge Santistevan afirm\u00f3 que Z\u00fa\u00f1iga habla como un masista fundador del MAS. \u201cEntreg\u00f3 la instituci\u00f3n al sistema pol\u00edtico socialista, depredador de sus bienes, debilit\u00f3 sus capacidades. Es un jefe que accedi\u00f3 al grado de general por influencia pol\u00edtica y ahora debe retribuir el favor\u201d, manifest\u00f3 Santistevan.<\/p>\n<p class=\"p_13\">Z\u00fa\u00f1iga es acusado por sus camaradas de ser el supuesto l\u00edder del grupo de militares que maneja el contrabando en la frontera con Chile y Brasil: \u201cPachajchos\u201d, el que ya operaba en la gesti\u00f3n de Evo Morales y que luego de que Luis Arce gan\u00f3 las elecciones se\u00f1al\u00f3 a varios de sus camaradas como \u201cpititas\u201d.<\/p>\n<\/div>\n<\/div>\n<\/div>\n<\/div>\n<div id=\"\" class=\"portlet-boundary portlet-static-end velocitycontainer-portlet\" style=\"text-align: justify;\"><\/div>\n<div id=\"\" class=\"portlet-boundary portlet-static-end htmlcontainer-portlet\">\n<div><\/div>\n<\/div>\n","protected":false},"excerpt":{"rendered":"<p>Z\u00fa\u00f1iga hizo alusi\u00f3n a los l\u00edderes de Santa Cruz que proponen el federalismo. La oposici\u00f3n lo calific\u00f3 como un \u201cmercenario al servicio del MAS\u201d con intenciones \u201cgolpistas\u201d y pidi\u00f3 a Arce \u201cque se cuide\u201d. El comandante del Ej\u00e9rcito, Juan Jos\u00e9 Z\u00fa\u00f1iga, arremeti\u00f3 ayer contra quienes \u2013seg\u00fan \u00e9l\u2013 promueven una administraci\u00f3n federalista y son opositores al [&hellip;]<\/p>\n","protected":false},"author":1,"featured_media":39546,"comment_status":"open","ping_status":"open","sticky":false,"template":"","format":"standard","meta":{"footnotes":""},"categories":[18],"tags":[],"class_list":{"0":"post-39550","1":"post","2":"type-post","3":"status-publish","4":"format-standard","5":"has-post-thumbnail","7":"category-politica"},"_links":{"self":[{"href":"https:\/\/jms.com.bo\/mediamonitor\/wp-json\/wp\/v2\/posts\/39550","targetHints":{"allow":["GET"]}}],"collection":[{"href":"https:\/\/jms.com.bo\/mediamonitor\/wp-json\/wp\/v2\/posts"}],"about":[{"href":"https:\/\/jms.com.bo\/mediamonitor\/wp-json\/wp\/v2\/types\/post"}],"author":[{"embeddable":true,"href":"https:\/\/jms.com.bo\/mediamonitor\/wp-json\/wp\/v2\/users\/1"}],"replies":[{"embeddable":true,"href":"https:\/\/jms.com.bo\/mediamonitor\/wp-json\/wp\/v2\/comments?post=39550"}],"version-history":[{"count":0,"href":"https:\/\/jms.com.bo\/mediamonitor\/wp-json\/wp\/v2\/posts\/39550\/revisions"}],"wp:featuredmedia":[{"embeddable":true,"href":"https:\/\/jms.com.bo\/mediamonitor\/wp-json\/wp\/v2\/media\/39546"}],"wp:attachment":[{"href":"https:\/\/jms.com.bo\/mediamonitor\/wp-json\/wp\/v2\/media?parent=39550"}],"wp:term":[{"taxonomy":"category","embeddable":true,"href":"https:\/\/jms.com.bo\/mediamonitor\/wp-json\/wp\/v2\/categories?post=39550"},{"taxonomy":"post_tag","embeddable":true,"href":"https:\/\/jms.com.bo\/mediamonitor\/wp-json\/wp\/v2\/tags?post=39550"}],"curies":[{"name":"wp","href":"https:\/\/api.w.org\/{rel}","templated":true}]}}