{"id":39558,"date":"2022-12-13T07:49:23","date_gmt":"2022-12-13T11:49:23","guid":{"rendered":"https:\/\/jms.com.bo\/mediamonitor\/2022\/12\/13\/pacto-fiscal-debera-abordar-la-nueva-distribucion-de-recursos-para-regiones\/"},"modified":"2022-12-13T07:49:23","modified_gmt":"2022-12-13T11:49:23","slug":"pacto-fiscal-debera-abordar-la-nueva-distribucion-de-recursos-para-regiones","status":"publish","type":"post","link":"https:\/\/jms.com.bo\/mediamonitor\/2022\/12\/13\/pacto-fiscal-debera-abordar-la-nueva-distribucion-de-recursos-para-regiones\/","title":{"rendered":"Pacto fiscal deber\u00e1 abordar la nueva distribuci\u00f3n de recursos para regiones"},"content":{"rendered":"<blockquote>\n<h2 class=\"jeg_post_subtitle\">An\u00e1lisis de Jubileo estima que unos municipios perder\u00e1n poblaci\u00f3n, mientras que otros ganaran habitantes.<\/h2>\n<\/blockquote>\n<p style=\"text-align: justify;\">El pacto fiscal ser\u00e1 otra de las batallas que deber\u00e1n enfrentar, no s\u00f3lo Santa Cruz, sino las regiones y municipios, pues se deber\u00e1 abordar la nueva distribuci\u00f3n de los recursos en el marco de la Ley de Autonom\u00edas. El Gobierno se queda con el 88% de los recursos y el 12% se destina a las regiones, situaci\u00f3n que deber\u00e1 cambiar, en el proyecto del Presupuesto General del Estado (PGE) 2023.<br \/>\nSanta Cruz paro casi todo el mes de octubre para exigir la realizaci\u00f3n del censo en la presente gesti\u00f3n, debido a que el Gobierno lo posterg\u00f3 para el 2024, sin consensuar. Como se recordar\u00e1 el entonces director del Instituto Nacional de Estad\u00edstica (INE), Humberto Arandia, el 15 de abril de 2021, dijo que el censo se realizar\u00eda en 2024, debido a que la recolecci\u00f3n de informaci\u00f3n toma su tiempo, por lo menos 3 a\u00f1os y medio.<br \/>\nLos analistas observan que el Gobierno ya ten\u00eda en sus planes realizar el recuento de la poblaci\u00f3n para el segundo semestre de 2024, y a pesar de los compromisos para llevarlo en 2022, no se cumplieron.<br \/>\nHace unas semanas atr\u00e1s, el analista econ\u00f3mico de la Fundaci\u00f3n Jubileo, Ren\u00e9 Mart\u00ednez, realiz\u00f3 una evaluaci\u00f3n y proyecci\u00f3n del censo que se realizar\u00eda en 2024, pero mostr\u00f3 cambios que ya se presentaron despu\u00e9s de los datos proporcionados en el Censo 2012.<br \/>\nAlgunas regiones pelean por m\u00e1s recursos y otros por esca\u00f1os, pero lo fuerte que se vendr\u00e1 despu\u00e9s del recuento de la poblaci\u00f3n, ser\u00e1 el ingreso al debate del Pacto Fiscal, que posterga el gobierno cada a\u00f1o.<br \/>\nLa normativa de la Ley de Autonom\u00edas indica que el Servicio Estatal de Autonom\u00edas en coordinaci\u00f3n con el Ministerio de Autonom\u00eda y el Ministerio de Econom\u00eda y Finanzas P\u00fablicas, elaborar\u00e1n una propuesta t\u00e9cnica de di\u00e1logo para un pacto fiscal.<br \/>\nEn un plazo no mayor a seis meses despu\u00e9s de publicados los resultados oficiales del Censo, la propuesta t\u00e9cnica sobre el pacto fiscal deber\u00e1 ser presentada al Consejo Nacional de Autonom\u00edas a fin de desarrollar un proceso de concertaci\u00f3n nacional y regional como paso previo a cualquier tratamiento por las v\u00edas legislativas que corresponden.<br \/>\nEl an\u00e1lisis muestra una ca\u00edda de la renta por hidrocarburos, es decir de 24.607 millones de bolivianos en 2014 a 8.584 millones en 2021, mientras que para la presente gesti\u00f3n se maneja un leve incremento, a 8.789 millones.<br \/>\nSin embargo, los recursos por la venta de gas a mercados de Argentina y Brasil todav\u00eda est\u00e1n por debajo a lo que se obtuvo en 2013, de m\u00e1s de 6.000 millones de d\u00f3lares, mientras que a noviembre de 2022 la suma s\u00f3lo llega a un poco m\u00e1s de 3.000 millones.<br \/>\nPese al buen momento de los precios del petr\u00f3leo en el mercado internacional, la recaudaci\u00f3n no se incrementa por los bajos vol\u00famenes que se env\u00edan a los mercados vecinos, acordados mediante adendas.<br \/>\nMart\u00ednez explic\u00f3 que en Bolivia, los impuestos (incluyendo aranceles por importaciones) son recaudados por entidades dependientes del Gobierno Central.<br \/>\nSolamente los impuestos por la propiedad y transferencia de bienes inmuebles y veh\u00edculos automotores son recaudados por las municipalidades y son recursos para su gesti\u00f3n.<br \/>\nLos gobiernos subnacionales son financiados mayormente con transferencias del Gobierno Central.<br \/>\nSeg\u00fan la informaci\u00f3n de la Fundaci\u00f3n Jubileo sobre distribuci\u00f3n de recursos, impuestos y regal\u00edas y sistemas de coparticipaci\u00f3n, el 75% de la recaudaci\u00f3n se queda en el gobierno central, los municipios con el 20% y 5% para las universidades, de acuerdo la poblaci\u00f3n.<br \/>\nEntre tanto, el Impuesto Especial a los Hidrocarburos y sus Derivados (IEHD) se distribuye similar a los tributos recaudados con la diferencia que el 20% se queda con los Gobiernos Departamentales.<br \/>\nEn su momento, ante las constantes protestas sociales contra el gobierno y sus autoridades en la sede de gobierno, indicaron que tener el centro del Poder no trae muchos beneficios en materia de desarrollo econ\u00f3mico y empresarial, pues las empresas migran a otros departamentos y a pa\u00edses vecinos.<br \/>\nLos hechos de 2003 y 2019 mostraron una imagen negativa de la regi\u00f3n, a pesar de tener el potencial econ\u00f3mico para su desarrollo, por estar cerca a los puertos del Pac\u00edfico, de Chile y Per\u00fa.<br \/>\nEntre tanto, Santa Cruz sin ser sede de gobierno logr\u00f3 el despegue de su econom\u00eda y de la agroindustria, y ahora que se ingresa a un censo para conocer la nueva distribuci\u00f3n de recursos, as\u00ed como de esca\u00f1os, apunta a convertirse en el principal centro econ\u00f3mico del pa\u00eds.<br \/>\nLos l\u00edderes pol\u00edticos y econ\u00f3micos de la regi\u00f3n oriental buscan replicar su modelo econ\u00f3mico para que el desarrollo llegue a las otras zonas del pa\u00eds, y no depender mucho de los recursos del Estado.<br \/>\nEscenarios<br \/>\nPor otra parte, los escenarios de poblaci\u00f3n y recursos Censo 2012-proyecci\u00f3n 2022, seg\u00fan el INE, de acuerdo a la Fundaci\u00f3n Jubileo, 179 de 339 municipios disminuir\u00e1n en poblaci\u00f3n, mientras 160 aumentar\u00edan; entre tanto 284 bajar\u00edan su coparticipaci\u00f3n y solo 55 subir\u00edan sus ingresos.<br \/>\nLos datos estiman que 171 municipios tienen menos de 10.000 habitantes y 75 registran menos de 5.000.<br \/>\nEn las conclusiones se\u00f1ala el documento que movimientos poblacionales (Tendencias presentadas) se dieron en un momento de grandes disponibilidades de recursos p\u00fablicos municipales. Ahora caen los recursos y cae la inversi\u00f3n p\u00fablica, y la viabilidad de municipios peque\u00f1os y medianos est\u00e1 en cuesti\u00f3n.<br \/>\nPor ello el Pacto Fiscal ser\u00e1 un punto partido para implementar un modelo de descentralizaci\u00f3n a nivel municipal y de desarrollo, reflexiona la entidad.<br \/>\nLa semana pasada, el diputado de oposici\u00f3n Jos\u00e9 Manuel Ormachea, escribi\u00f3 en su twitter que: \u00abHemos rechazado el Presupuesto General del Estado 2023 en el Congreso y se logr\u00f3 que no se apruebe. 88% del presupuesto del pa\u00eds estaba destinado a la Plaza Murillo y solo 12% a las regiones. Adem\u00e1s, priorizaba Defensa, Presidencia y Gobierno, no salud, educaci\u00f3n y justicia\u00bb.<\/p>\n","protected":false},"excerpt":{"rendered":"<p>An\u00e1lisis de Jubileo estima que unos municipios perder\u00e1n poblaci\u00f3n, mientras que otros ganaran habitantes. El pacto fiscal ser\u00e1 otra de las batallas que deber\u00e1n enfrentar, no s\u00f3lo Santa Cruz, sino las regiones y municipios, pues se deber\u00e1 abordar la nueva distribuci\u00f3n de los recursos en el marco de la Ley de Autonom\u00edas. El Gobierno se [&hellip;]<\/p>\n","protected":false},"author":1,"featured_media":39552,"comment_status":"open","ping_status":"open","sticky":false,"template":"","format":"standard","meta":{"footnotes":""},"categories":[25],"tags":[],"class_list":{"0":"post-39558","1":"post","2":"type-post","3":"status-publish","4":"format-standard","5":"has-post-thumbnail","7":"category-economia"},"_links":{"self":[{"href":"https:\/\/jms.com.bo\/mediamonitor\/wp-json\/wp\/v2\/posts\/39558","targetHints":{"allow":["GET"]}}],"collection":[{"href":"https:\/\/jms.com.bo\/mediamonitor\/wp-json\/wp\/v2\/posts"}],"about":[{"href":"https:\/\/jms.com.bo\/mediamonitor\/wp-json\/wp\/v2\/types\/post"}],"author":[{"embeddable":true,"href":"https:\/\/jms.com.bo\/mediamonitor\/wp-json\/wp\/v2\/users\/1"}],"replies":[{"embeddable":true,"href":"https:\/\/jms.com.bo\/mediamonitor\/wp-json\/wp\/v2\/comments?post=39558"}],"version-history":[{"count":0,"href":"https:\/\/jms.com.bo\/mediamonitor\/wp-json\/wp\/v2\/posts\/39558\/revisions"}],"wp:featuredmedia":[{"embeddable":true,"href":"https:\/\/jms.com.bo\/mediamonitor\/wp-json\/wp\/v2\/media\/39552"}],"wp:attachment":[{"href":"https:\/\/jms.com.bo\/mediamonitor\/wp-json\/wp\/v2\/media?parent=39558"}],"wp:term":[{"taxonomy":"category","embeddable":true,"href":"https:\/\/jms.com.bo\/mediamonitor\/wp-json\/wp\/v2\/categories?post=39558"},{"taxonomy":"post_tag","embeddable":true,"href":"https:\/\/jms.com.bo\/mediamonitor\/wp-json\/wp\/v2\/tags?post=39558"}],"curies":[{"name":"wp","href":"https:\/\/api.w.org\/{rel}","templated":true}]}}