{"id":39563,"date":"2022-12-13T07:53:15","date_gmt":"2022-12-13T11:53:15","guid":{"rendered":"https:\/\/jms.com.bo\/mediamonitor\/2022\/12\/13\/tarija-setar-reporta-baja-de-voltaje-en-el-servicio-energetico-de-bermejo\/"},"modified":"2022-12-13T07:53:15","modified_gmt":"2022-12-13T11:53:15","slug":"tarija-setar-reporta-baja-de-voltaje-en-el-servicio-energetico-de-bermejo","status":"publish","type":"post","link":"https:\/\/jms.com.bo\/mediamonitor\/2022\/12\/13\/tarija-setar-reporta-baja-de-voltaje-en-el-servicio-energetico-de-bermejo\/","title":{"rendered":"Tarija: Setar reporta baja de voltaje en el servicio energ\u00e9tico de Bermejo"},"content":{"rendered":"<p>El responsable de Setar Bermejo, Edwin Flores, ha informado que existen se de voltaje, los cuales deben ser corregidos a partir de una coordinaci\u00f3n entre las sub estaciones tanto de ENDE y Setar Bermejo, puesto que se tratar\u00eda de un trabajo minucioso y que llevar\u00eda tiempo lograr la energ\u00eda estable que se requiere, en raz\u00f3n a reclamos y observaciones de usuarios con el voltaje de la energ\u00eda el\u00e9ctrica que deber\u00eda llegar a los domicilios el cual ser\u00eda de 220, sin embargo estar\u00eda llegando solamente 190.<\/p>\n<p>Asimismo ha indicado que existe dicho problema, pero que es complicado subir de golpe el voltaje, puesto que se provocar\u00eda da\u00f1os a los aparatos y por lo tanto tendr\u00edan usuarios haciendo filas exigiendo la reparaci\u00f3n de los mismos.<\/p>\n<p>\u201cEs una cuesti\u00f3n muy fina t\u00e9cnicamente el cual requiere una coordinaci\u00f3n con el comit\u00e9 nacional de despacho de carga con las 2 sub estaciones, la de ENDE y la de SETAR, se est\u00e1 trabajando para subsanar el tema, aunque no es inmediato, en nuestro pa\u00eds los otros sistemas de otros departamentos llevan a\u00f1os en esto y la AETN regula dichas acciones\u201d.<\/p>\n<p>Adem\u00e1s ha anticipado que se deber\u00e1 realizar un corte total del servicio energ\u00e9tico del sistema para cambiar el taps del transformador y de esa manera elevar en un porcentaje del 2.5% y corregir esa debilidad, dichos trabajos deben ser en coordinaci\u00f3n entre Setar y ENDE.<\/p>\n","protected":false},"excerpt":{"rendered":"<p>El responsable de Setar Bermejo, Edwin Flores, ha informado que existen se de voltaje, los cuales deben ser corregidos a partir de una coordinaci\u00f3n entre las sub estaciones tanto de ENDE y Setar Bermejo, puesto que se tratar\u00eda de un trabajo minucioso y que llevar\u00eda tiempo lograr la energ\u00eda estable que se requiere, en raz\u00f3n [&hellip;]<\/p>\n","protected":false},"author":1,"featured_media":39561,"comment_status":"open","ping_status":"open","sticky":false,"template":"","format":"standard","meta":{"footnotes":""},"categories":[39],"tags":[],"class_list":{"0":"post-39563","1":"post","2":"type-post","3":"status-publish","4":"format-standard","5":"has-post-thumbnail","7":"category-energia"},"_links":{"self":[{"href":"https:\/\/jms.com.bo\/mediamonitor\/wp-json\/wp\/v2\/posts\/39563","targetHints":{"allow":["GET"]}}],"collection":[{"href":"https:\/\/jms.com.bo\/mediamonitor\/wp-json\/wp\/v2\/posts"}],"about":[{"href":"https:\/\/jms.com.bo\/mediamonitor\/wp-json\/wp\/v2\/types\/post"}],"author":[{"embeddable":true,"href":"https:\/\/jms.com.bo\/mediamonitor\/wp-json\/wp\/v2\/users\/1"}],"replies":[{"embeddable":true,"href":"https:\/\/jms.com.bo\/mediamonitor\/wp-json\/wp\/v2\/comments?post=39563"}],"version-history":[{"count":0,"href":"https:\/\/jms.com.bo\/mediamonitor\/wp-json\/wp\/v2\/posts\/39563\/revisions"}],"wp:featuredmedia":[{"embeddable":true,"href":"https:\/\/jms.com.bo\/mediamonitor\/wp-json\/wp\/v2\/media\/39561"}],"wp:attachment":[{"href":"https:\/\/jms.com.bo\/mediamonitor\/wp-json\/wp\/v2\/media?parent=39563"}],"wp:term":[{"taxonomy":"category","embeddable":true,"href":"https:\/\/jms.com.bo\/mediamonitor\/wp-json\/wp\/v2\/categories?post=39563"},{"taxonomy":"post_tag","embeddable":true,"href":"https:\/\/jms.com.bo\/mediamonitor\/wp-json\/wp\/v2\/tags?post=39563"}],"curies":[{"name":"wp","href":"https:\/\/api.w.org\/{rel}","templated":true}]}}