{"id":39575,"date":"2022-12-13T08:08:30","date_gmt":"2022-12-13T12:08:30","guid":{"rendered":"https:\/\/jms.com.bo\/mediamonitor\/2022\/12\/13\/casos-activos-de-tosferina-se-mantienen-en-6\/"},"modified":"2022-12-13T08:08:30","modified_gmt":"2022-12-13T12:08:30","slug":"casos-activos-de-tosferina-se-mantienen-en-6","status":"publish","type":"post","link":"https:\/\/jms.com.bo\/mediamonitor\/2022\/12\/13\/casos-activos-de-tosferina-se-mantienen-en-6\/","title":{"rendered":"Casos activos de tosferina se mantienen en 6"},"content":{"rendered":"<blockquote><p><span style=\"color: #000000;\">La tosferina es una enfermedad respiratoria muy contagiosa causada por un tipo de bacteria llamada Bordetella pertussis<\/span><\/p><\/blockquote>\n<p style=\"text-align: justify;\">Los casos activos de tosferina o coqueluche en el pa\u00eds se mantienen en seis, mientras que los que corresponden a viruela s\u00edmica bajaron de 13 a ocho en esta \u00faltima semana, afirm\u00f3 el ministro de Salud, Jeyson Auza.<\/p>\n<p style=\"text-align: justify;\">El epicentro de los casos de tosferina est\u00e1 en Santa Cruz, donde se reportaron 116 de los 118 positivos.<\/p>\n<div class=\"uk-text-center\" style=\"text-align: justify;\">\n<div class=\"uk-visible@m\"><\/div>\n<\/div>\n<p style=\"text-align: justify;\">Los casos se registraron en los municipios de Santa Cruz de la Sierra (45), Comarapa (23), San Javier (14), El Torno (11), Montero (9), La Guardia (7), Cabezas (2), Santa Rosa del Sara (2), Vallegrande (1), Charagua (1) y Camiri (1).<\/p>\n<p style=\"text-align: justify;\">De acuerdo con Auza, de las 118 personas que dieron positivo a tosferina, 112 ya superaron la enfermedad y seis se mantienen activos.<\/p>\n<p style=\"text-align: justify;\">La tosferina es una enfermedad respiratoria muy contagiosa causada por un tipo de bacteria llamada Bordetella pertussis.<\/p>\n<p style=\"text-align: justify;\">Las bacterias de la tosferina se adhieren a los cilios (peque\u00f1as extensiones parecidas a vellos) que recubren parte del aparato respiratorio superior. Estas bacterias liberan toxinas (venenos) que da\u00f1an los cilios y provocan la inflamaci\u00f3n de las v\u00edas respiratorias.<\/p>\n<p style=\"text-align: justify;\">Las bacterias que causan la tosferina se propagan f\u00e1cilmente de persona a persona a trav\u00e9s del aire. Cuando una persona que tiene tosferina estornuda o tose, puede liberar peque\u00f1as part\u00edculas con bacterias en ellas. Luego otras personas inhalan las bacterias. Tambi\u00e9n se propagan cuando las personas pasan mucho tiempo juntas.<\/p>\n<p style=\"text-align: justify;\"><b>Viruela s\u00edmica<\/b><\/p>\n<p style=\"text-align: justify;\">El informe epidemiol\u00f3gico del Ministerio de Salud da cuenta que desde agosto de este a\u00f1o se identificaron 1.205 casos sospechosos, de los cuales 260 fueron confirmados.<\/p>\n<div class=\"uk-text-center\" style=\"text-align: justify;\">\n<div class=\"uk-visible@m\"><\/div>\n<\/div>\n<p style=\"text-align: justify;\">A la fecha, 252 pacientes ya superaron la enfermedad, que representa el 97% de los casos confirmados y ocho se mantienen activos: siete en Santa Cruz y uno en Cochabamba.<\/p>\n","protected":false},"excerpt":{"rendered":"<p>La tosferina es una enfermedad respiratoria muy contagiosa causada por un tipo de bacteria llamada Bordetella pertussis Los casos activos de tosferina o coqueluche en el pa\u00eds se mantienen en seis, mientras que los que corresponden a viruela s\u00edmica bajaron de 13 a ocho en esta \u00faltima semana, afirm\u00f3 el ministro de Salud, Jeyson Auza. [&hellip;]<\/p>\n","protected":false},"author":1,"featured_media":39578,"comment_status":"open","ping_status":"open","sticky":false,"template":"","format":"standard","meta":{"footnotes":""},"categories":[53],"tags":[],"class_list":{"0":"post-39575","1":"post","2":"type-post","3":"status-publish","4":"format-standard","5":"has-post-thumbnail","7":"category-salud"},"_links":{"self":[{"href":"https:\/\/jms.com.bo\/mediamonitor\/wp-json\/wp\/v2\/posts\/39575","targetHints":{"allow":["GET"]}}],"collection":[{"href":"https:\/\/jms.com.bo\/mediamonitor\/wp-json\/wp\/v2\/posts"}],"about":[{"href":"https:\/\/jms.com.bo\/mediamonitor\/wp-json\/wp\/v2\/types\/post"}],"author":[{"embeddable":true,"href":"https:\/\/jms.com.bo\/mediamonitor\/wp-json\/wp\/v2\/users\/1"}],"replies":[{"embeddable":true,"href":"https:\/\/jms.com.bo\/mediamonitor\/wp-json\/wp\/v2\/comments?post=39575"}],"version-history":[{"count":0,"href":"https:\/\/jms.com.bo\/mediamonitor\/wp-json\/wp\/v2\/posts\/39575\/revisions"}],"wp:featuredmedia":[{"embeddable":true,"href":"https:\/\/jms.com.bo\/mediamonitor\/wp-json\/wp\/v2\/media\/39578"}],"wp:attachment":[{"href":"https:\/\/jms.com.bo\/mediamonitor\/wp-json\/wp\/v2\/media?parent=39575"}],"wp:term":[{"taxonomy":"category","embeddable":true,"href":"https:\/\/jms.com.bo\/mediamonitor\/wp-json\/wp\/v2\/categories?post=39575"},{"taxonomy":"post_tag","embeddable":true,"href":"https:\/\/jms.com.bo\/mediamonitor\/wp-json\/wp\/v2\/tags?post=39575"}],"curies":[{"name":"wp","href":"https:\/\/api.w.org\/{rel}","templated":true}]}}