{"id":39579,"date":"2022-12-13T08:09:47","date_gmt":"2022-12-13T12:09:47","guid":{"rendered":"https:\/\/jms.com.bo\/mediamonitor\/2022\/12\/13\/en-bolivia-detectan-un-incremento-exponencial-de-casos-de-coronavirus\/"},"modified":"2022-12-13T08:09:47","modified_gmt":"2022-12-13T12:09:47","slug":"en-bolivia-detectan-un-incremento-exponencial-de-casos-de-coronavirus","status":"publish","type":"post","link":"https:\/\/jms.com.bo\/mediamonitor\/2022\/12\/13\/en-bolivia-detectan-un-incremento-exponencial-de-casos-de-coronavirus\/","title":{"rendered":"En Bolivia detectan un incremento exponencial de casos de coronavirus"},"content":{"rendered":"<blockquote><p><span style=\"color: #000000;\">Los casos de coronavirus en Bolivia crecen exponencialmente en la sexta ola de la pandemia y los expertos ven que las causas son el incumplimiento de las medidas de bioseguridad y la baja cobertura de la tercera dosis anticovid.<\/span><\/p><\/blockquote>\n<p class=\"rtejustify\" style=\"text-align: justify;\">El ministro de Salud, Jeyson Auza, inform\u00f3 ayer que en una semana se pas\u00f3 de 1.608 a 6.079 casos positivos, adem\u00e1s precis\u00f3 que se registr\u00f3 un incremento de 4.471 casos entre la semana epidemiol\u00f3gica 48 y la 49, que representa un crecimiento de 278 por ciento.<\/p>\n<p class=\"rtejustify\" style=\"text-align: justify;\">\u00c9sta es la quinta semana consecutiva de aumento de casos de Covid-19 en la sexta ola epidemiol\u00f3gica declarada el 5 de diciembre. \u201cEsta semana se han reportado 6.079 casos, esto representa un incremento 278 por ciento a nivel nacional con respecto a la semana pasada\u201d, se\u00f1al\u00f3.<\/p>\n<p class=\"rtejustify\" style=\"text-align: justify;\">Ante la emergencia, Auza convoc\u00f3 a los directores de Servicio Departamental de Salud (Sedes) de los nueve departamentos para frenar el avance de la pandemia. \u201cEl d\u00eda de ma\u00f1ana vamos a convocar a los directores para suscribir los acuerdos correspondientes\u201d, inform\u00f3.<\/p>\n<p class=\"rtejustify\" style=\"text-align: justify;\" data-fetch=\"true\">De acuerdo con el Ministro, los nueve departamentos reportaron un incremento porcentual de personas contagiadas, presumiblemente impulsado por la presencia de la subvariante denominada \u201cperro del infierno\u201d.<\/p>\n<p class=\"rtejustify\" style=\"text-align: justify;\"><strong>Pico de contagio<\/strong><\/p>\n<p class=\"rtejustify\" style=\"text-align: justify;\">El epidemi\u00f3logo Yercin Mamani proyect\u00f3 el pico de la sexta ola ser\u00e1 para fines de diciembre o en enero de 2023. Record\u00f3 que una de las principales caracter\u00edsticas de BQ es su alta transmisibilidad.<\/p>\n<p class=\"rtejustify\" style=\"text-align: justify;\">Por su lado, el director de Epidemiolog\u00eda del Ministerio de Salud, Freddy Armijo, mencion\u00f3 que el abandono de las medidas de bioseguridad, las aglomeraciones en los centros comerciales y mercados; las reuniones sociales de fin de a\u00f1o y las celebraciones por A\u00f1o Nuevo acelerar\u00e1n el pico de contagios.<\/p>\n<p class=\"rtejustify\" style=\"text-align: justify;\"><strong>Por departamento<\/strong><\/p>\n<p class=\"rtejustify\" style=\"text-align: justify;\" data-fetch=\"true\">En Santa Cruz se concentra el 87 por ciento de los casos de coronavirus de todo el pa\u00eds, los pacientes subieron a 4.653, con un incremento de 3.859 positivos, m\u00e1s que la semana epidemiol\u00f3gica 48, que representa el 486 por ciento.<\/p>\n<p class=\"rtejustify\" style=\"text-align: justify;\"><strong>Baja cobertura<\/strong><\/p>\n<p class=\"rtejustify\" style=\"text-align: justify;\">Pese al incremento de casos, hay baja cobertura de vacunaci\u00f3n, especialmente en la tercera dosis. El total de las vacunas gestionadas y adquiridas por el Gobierno nacional alcanza a 23.815.500 dosis, de las cuales ya se administraron 15.564.528 dosis entre la primera, segunda, tercera, monodosis y cuarta dosis a los diferentes grupos etarios.<\/p>\n<p class=\"rtejustify\" style=\"text-align: justify;\">Auza dijo que, gracias a la inmunizaci\u00f3n, la tasa de letalidad de la pandemia lleg\u00f3 en la quinta ola al 0,1 por ciento, la m\u00e1s baja desde el inicio de la pandemia en marzo de 2020.<\/p>\n<p class=\"rtejustify\" style=\"text-align: justify;\">En tanto, Chuquisaca registr\u00f3 un incremento de 164 por ciento al pasar de 25 a 66 pacientes positivos, seguido de Cochabamba en 136 por ciento (de 210 a 496), Pando en 110 por ciento (de 49 a 103), Beni en 100 por ciento (de 6 a 12 casos) y Tarija en 100 por ciento (de 22 a 44).<\/p>\n<p class=\"rtejustify\" style=\"text-align: justify;\">\n<p class=\"rtejustify\" style=\"text-align: justify;\"><strong>Medidas de bioseguridad<\/strong><\/p>\n<p class=\"rtejustify\" style=\"text-align: justify;\" data-fetch=\"true\">El ministro de Salud, Jeyson Auza, convoc\u00f3 a la ciudadan\u00eda a mantener las medidas de bioseguridad: el uso de la mascarilla en lugares abiertos donde se detecte la presencia de aglomeraciones de gente y en ambientes cerrados de manera permanente; evitar asistir a lugares de mucha conglomeraci\u00f3n para as\u00ed evitar cualquier tipo de contacto que pudiera generar contagio.<\/p>\n<p class=\"rtejustify\" style=\"text-align: justify;\">Tambi\u00e9n se debe usar alcohol al 70 por ciento, lavarse las manos frecuentemente y conservar el distanciamiento social.<\/p>\n<p class=\"rtejustify\" style=\"text-align: justify;\">Actualmente, las actividades se realizan con normalidad sin ning\u00fan tipo de restricci\u00f3n ni reducci\u00f3n en el aforo en ning\u00fan tipo de ambientes ni en espacios cerrados.<\/p>\n","protected":false},"excerpt":{"rendered":"<p>Los casos de coronavirus en Bolivia crecen exponencialmente en la sexta ola de la pandemia y los expertos ven que las causas son el incumplimiento de las medidas de bioseguridad y la baja cobertura de la tercera dosis anticovid. El ministro de Salud, Jeyson Auza, inform\u00f3 ayer que en una semana se pas\u00f3 de 1.608 [&hellip;]<\/p>\n","protected":false},"author":1,"featured_media":39577,"comment_status":"open","ping_status":"open","sticky":false,"template":"","format":"standard","meta":{"footnotes":""},"categories":[53],"tags":[],"class_list":{"0":"post-39579","1":"post","2":"type-post","3":"status-publish","4":"format-standard","5":"has-post-thumbnail","7":"category-salud"},"_links":{"self":[{"href":"https:\/\/jms.com.bo\/mediamonitor\/wp-json\/wp\/v2\/posts\/39579","targetHints":{"allow":["GET"]}}],"collection":[{"href":"https:\/\/jms.com.bo\/mediamonitor\/wp-json\/wp\/v2\/posts"}],"about":[{"href":"https:\/\/jms.com.bo\/mediamonitor\/wp-json\/wp\/v2\/types\/post"}],"author":[{"embeddable":true,"href":"https:\/\/jms.com.bo\/mediamonitor\/wp-json\/wp\/v2\/users\/1"}],"replies":[{"embeddable":true,"href":"https:\/\/jms.com.bo\/mediamonitor\/wp-json\/wp\/v2\/comments?post=39579"}],"version-history":[{"count":0,"href":"https:\/\/jms.com.bo\/mediamonitor\/wp-json\/wp\/v2\/posts\/39579\/revisions"}],"wp:featuredmedia":[{"embeddable":true,"href":"https:\/\/jms.com.bo\/mediamonitor\/wp-json\/wp\/v2\/media\/39577"}],"wp:attachment":[{"href":"https:\/\/jms.com.bo\/mediamonitor\/wp-json\/wp\/v2\/media?parent=39579"}],"wp:term":[{"taxonomy":"category","embeddable":true,"href":"https:\/\/jms.com.bo\/mediamonitor\/wp-json\/wp\/v2\/categories?post=39579"},{"taxonomy":"post_tag","embeddable":true,"href":"https:\/\/jms.com.bo\/mediamonitor\/wp-json\/wp\/v2\/tags?post=39579"}],"curies":[{"name":"wp","href":"https:\/\/api.w.org\/{rel}","templated":true}]}}