{"id":39580,"date":"2022-12-13T08:10:44","date_gmt":"2022-12-13T12:10:44","guid":{"rendered":"https:\/\/jms.com.bo\/mediamonitor\/2022\/12\/13\/contagios-se-multiplican-seis-veces-y-convocan-a-los-sedes-para-ver-estrategias\/"},"modified":"2022-12-13T08:10:44","modified_gmt":"2022-12-13T12:10:44","slug":"contagios-se-multiplican-seis-veces-y-convocan-a-los-sedes-para-ver-estrategias","status":"publish","type":"post","link":"https:\/\/jms.com.bo\/mediamonitor\/2022\/12\/13\/contagios-se-multiplican-seis-veces-y-convocan-a-los-sedes-para-ver-estrategias\/","title":{"rendered":"Contagios se multiplican seis veces y convocan a los Sedes para ver estrategias"},"content":{"rendered":"<blockquote>\n<h2>El \u00edndice de positividad aumenta al 30 %. El promedio de casos diario es de 664, es decir, seis veces m\u00e1s que la anterior semana. La raz\u00f3n de crecimiento semanal alcanza al 5,83%, la m\u00e1s alta de la pandemia. La letalidad contin\u00faa baja<\/h2>\n<\/blockquote>\n<div>\n<p style=\"text-align: justify;\">Los contagios de covid-19 muestran un crecimiento acelerado, cerrando la \u00faltima semana con<b>\u00a04.653 casos en el departamento cruce\u00f1o,<\/b>\u00a0es decir, seis veces m\u00e1s que la anterior que tuvo 794.<\/p>\n<\/div>\n<div style=\"text-align: justify;\">\n<p>El ministro de Salud, Jeyson Auza, convoc\u00f3 a las autoridades de los Servicios Departamentales de Salud (Sedes) a una reuni\u00f3n para ajustar las estrategias\u00a0<b>a pocos d\u00edas de las fiestas de fin de a\u00f1o<\/b>, cuando aumentan las reuniones familiares y entre amigos. Los epidemi\u00f3logos prev\u00e9n que el pico de esta sexta ola golpee a mediados de enero.<\/p>\n<\/div>\n<div style=\"text-align: justify;\">\n<p>\u201cMa\u00f1ana (hoy) vamos a convocar a las autoridades de los Sedes para suscribir los acuerdos correspondientes, si bien hay determinaciones que se pueden asumir a\u00a0<b>nivel nacional, tambi\u00e9n hay acciones que se deben\u00a0<\/b>definir a nivel departamental y municipal\u201d, dijo Auza.<\/p>\n<\/div>\n<div style=\"text-align: justify;\">\n<p>En el pa\u00eds, en la \u00faltima semana se contabilizaron 6.079 casos, 4.471 m\u00e1s que el periodo anterior.\u00a0<b>Se trata de un \u201cincremento exponencial\u201d<\/b>\u00a0que comprende los nueve departamentos. Sin embargo, la tasa de letalidad llega al 0,1 por ciento.<\/p>\n<\/div>\n<div style=\"text-align: justify;\">\n<p>Santa Cruz aglutina el 87 por ciento de los casos de todo el pa\u00eds, con un incremento del 486 por ciento en los \u00faltimos siete d\u00edas.<b>\u00a0En Cochabamba los positivos crecieron 136 por ciento y en La Paz 44 por ciento.<\/b><\/p>\n<\/div>\n<div style=\"text-align: justify;\">\n<p>Ratific\u00f3 que la subvariante de \u00f3micron denominada \u2018perro del infierno\u2019 ocasiona el incremento de contagios en un 30 por ciento. La circulaci\u00f3n de esta cepa fue confirmada a fines de noviembre, lo que dio lugar a una sexta oleada de contagios en el pa\u00eds.<\/p>\n<\/div>\n<div style=\"text-align: justify;\">\n<p><b>En Santa Cruz<\/b><br \/>\nSeg\u00fan datos oficiales, desde hace cinco semanas se viene registrando un repunte de los casos, pero la semana epidemiol\u00f3gica 49 mostr\u00f3 un crecimiento exponencial alcanzando un promedio de<b>\u00a0664 casos por d\u00eda, es decir, seis veces<\/b>\u00a0m\u00e1s que la anterior. Adem\u00e1s, la raz\u00f3n de crecimiento subi\u00f3 al 5,83, que es la m\u00e1s alta de toda la pandemia.<\/p>\n<\/div>\n<div style=\"text-align: justify;\">\n<p>Este aumento tambi\u00e9n se refleja en el \u00edndice de positividad que\u00a0<b>est\u00e1 por encima del 30 por ciento,<\/b>\u00a0es decir, que de 100 pruebas tomadas 30 dan positivo al virus.<\/p>\n<\/div>\n<div style=\"text-align: justify;\">\n<p>Pese a este repunte en los contagios, la letalidad se mantiene en cero, pues no reporta fallecidos desde<b>\u00a0hace cuatro semanas,\u00a0<\/b>lo que se atribuye a la vacunaci\u00f3n y la inmunidad adquirida por infecciones previas.<\/p>\n<\/div>\n<div style=\"text-align: justify;\">\n<p>En las \u00faltimas semanas tambi\u00e9n se ha notado un repunte en la vacunaci\u00f3n, pero no en la cantidad esperada, por lo que las autoridades insisten en que se debe completar el esquema de cuatro dosis para garantizar la protecci\u00f3n. Durante la semana epidemiol\u00f3gica 49<b>, 8.380 personas recibieron la vacuna,<\/b>\u00a0el doble de la anterior cuando 4.364 acudieron en busca de la dosis.<\/p>\n<\/div>\n<div style=\"text-align: justify;\">\n<p>El coordinador de Redes Urbanas del Sedes, Jorge Quiroz, insisti\u00f3 en que la vacunaci\u00f3n sigue siendo el pilar fundamental para prevenir<b>\u00a0las manifestaciones graves del covid-19,<\/b>\u00a0as\u00ed como para los otros dos brotes como el coqueluche.<\/p>\n<\/div>\n<div style=\"text-align: justify;\">\n<p>Las autoridades recomiendan mantener las medidas de autocuidado y de<b>\u00a0bioseguridad para prevenir los contagios,<\/b>\u00a0especialmente no se debe descuidar el uso del barbijo, el lavado de manos y el distanciamiento f\u00edsico.<\/p>\n<\/div>\n<div style=\"text-align: justify;\">\n<p><b>Otros males<\/b><br \/>\nEl Ministerio de Salud inform\u00f3 que ya suman 260 casos de viruela del mono, 252 recuperados,<b>\u00a0pero a\u00fan hay ocho casos activos,<\/b>\u00a0de los cuales siete en Santa Cruz y uno en Cochabamba.<\/p>\n<\/div>\n<div>\n<p style=\"text-align: justify;\">Sobre el coqueluche, el reporte departamental da cuenta que hasta la fecha suman 122 casos positivos de tosferina, la mayor\u00eda en la capital cruce\u00f1a (47). Tambi\u00e9n se registran casos en otros 11 municipios: Comarapa (23), San Javier (14), El Torno (11), Montero (9), La Guardia (8), Cabezas (3), Santa Rosa del Sara (2), Camiri (2),<b>\u00a0Charagua (1), Vallegrande (1) y Cotoca (1). Hay 11 pacientes internados, tres de ellos en terapia intensiva.<\/b><\/p>\n<\/div>\n","protected":false},"excerpt":{"rendered":"<p>El \u00edndice de positividad aumenta al 30 %. El promedio de casos diario es de 664, es decir, seis veces m\u00e1s que la anterior semana. La raz\u00f3n de crecimiento semanal alcanza al 5,83%, la m\u00e1s alta de la pandemia. La letalidad contin\u00faa baja Los contagios de covid-19 muestran un crecimiento acelerado, cerrando la \u00faltima semana [&hellip;]<\/p>\n","protected":false},"author":1,"featured_media":39576,"comment_status":"open","ping_status":"open","sticky":false,"template":"","format":"standard","meta":{"footnotes":""},"categories":[53],"tags":[],"class_list":{"0":"post-39580","1":"post","2":"type-post","3":"status-publish","4":"format-standard","5":"has-post-thumbnail","7":"category-salud"},"_links":{"self":[{"href":"https:\/\/jms.com.bo\/mediamonitor\/wp-json\/wp\/v2\/posts\/39580","targetHints":{"allow":["GET"]}}],"collection":[{"href":"https:\/\/jms.com.bo\/mediamonitor\/wp-json\/wp\/v2\/posts"}],"about":[{"href":"https:\/\/jms.com.bo\/mediamonitor\/wp-json\/wp\/v2\/types\/post"}],"author":[{"embeddable":true,"href":"https:\/\/jms.com.bo\/mediamonitor\/wp-json\/wp\/v2\/users\/1"}],"replies":[{"embeddable":true,"href":"https:\/\/jms.com.bo\/mediamonitor\/wp-json\/wp\/v2\/comments?post=39580"}],"version-history":[{"count":0,"href":"https:\/\/jms.com.bo\/mediamonitor\/wp-json\/wp\/v2\/posts\/39580\/revisions"}],"wp:featuredmedia":[{"embeddable":true,"href":"https:\/\/jms.com.bo\/mediamonitor\/wp-json\/wp\/v2\/media\/39576"}],"wp:attachment":[{"href":"https:\/\/jms.com.bo\/mediamonitor\/wp-json\/wp\/v2\/media?parent=39580"}],"wp:term":[{"taxonomy":"category","embeddable":true,"href":"https:\/\/jms.com.bo\/mediamonitor\/wp-json\/wp\/v2\/categories?post=39580"},{"taxonomy":"post_tag","embeddable":true,"href":"https:\/\/jms.com.bo\/mediamonitor\/wp-json\/wp\/v2\/tags?post=39580"}],"curies":[{"name":"wp","href":"https:\/\/api.w.org\/{rel}","templated":true}]}}