{"id":39584,"date":"2022-12-13T08:13:27","date_gmt":"2022-12-13T12:13:27","guid":{"rendered":"https:\/\/jms.com.bo\/mediamonitor\/2022\/12\/13\/el-gobierno-garantiza-20-mm-de-pollos-para-este-mes\/"},"modified":"2022-12-13T08:13:27","modified_gmt":"2022-12-13T12:13:27","slug":"el-gobierno-garantiza-20-mm-de-pollos-para-este-mes","status":"publish","type":"post","link":"https:\/\/jms.com.bo\/mediamonitor\/2022\/12\/13\/el-gobierno-garantiza-20-mm-de-pollos-para-este-mes\/","title":{"rendered":"El Gobierno garantiza 20 MM de pollos para este mes"},"content":{"rendered":"<p class=\"p_0\" style=\"text-align: justify;\">El viceministro de Defensa de los Derechos del Usuario y Consumidor, Jorge Silva, afirm\u00f3 ayer que el mercado interno tiene garantizado este diciembre 20 millones de pollos, mayor a lo que demanda cada mes, por lo que no hay motivos para especular y subir el precio de la carne de este producto.<\/p>\n<p class=\"p_1\" style=\"text-align: justify;\">En pasadas semanas, productores av\u00edcolas advirtieron que la falta de ma\u00edz por la sequ\u00eda y la muerte de cerca de un mill\u00f3n de pollos BB en las carreteras a causa del cerco a Santa Cruz, durante el paro c\u00edvico de 36 d\u00edas, afectar\u00edan la provisi\u00f3n de la carne para fin de a\u00f1o.<\/p>\n<p class=\"p_2\" style=\"text-align: justify;\">En contacto con medios estatales, la autoridad explic\u00f3 que cada mes el mercado interno consume 17 millones de pollos; sin embargo, para cubrir esta demanda, en octubre se produjo 19 millones de pollos y en noviembre 20 millones de pollos.<\/p>\n<p class=\"p_3\" style=\"text-align: justify;\">\u201cPor lo tanto, la demanda que es 17 millones y la producci\u00f3n est\u00e1 en 20 millones de pollos, podr\u00edamos se\u00f1alar con absoluta certeza de que no existe raz\u00f3n alguna para tratar de generar susceptibilidad de que no habr\u00e1 este producto, m\u00e1s al contrario est\u00e1 garantizado\u201d, dijo.<\/p>\n<p class=\"p_4\" style=\"text-align: justify;\">Seg\u00fan Silva, tambi\u00e9n est\u00e1 garantizado el abastecimiento de ma\u00edz, tanto para la producci\u00f3n de carne de pollo como de otros productos que se requiere para la canasta familiar.<\/p>\n<p class=\"p_5\" style=\"text-align: justify;\">Respecto al incremento de precio de la carne de pollo en Santa Cruz, lament\u00f3 que empresarios suban el costo de este producto esta \u00e9poca del a\u00f1o para \u201ctratar de recuperar las p\u00e9rdidas provocadas por el paro de 36 d\u00edas entre octubre y noviembre\u201d.<\/p>\n","protected":false},"excerpt":{"rendered":"<p>El viceministro de Defensa de los Derechos del Usuario y Consumidor, Jorge Silva, afirm\u00f3 ayer que el mercado interno tiene garantizado este diciembre 20 millones de pollos, mayor a lo que demanda cada mes, por lo que no hay motivos para especular y subir el precio de la carne de este producto. En pasadas semanas, [&hellip;]<\/p>\n","protected":false},"author":1,"featured_media":39585,"comment_status":"open","ping_status":"open","sticky":false,"template":"","format":"standard","meta":{"footnotes":""},"categories":[52],"tags":[],"class_list":{"0":"post-39584","1":"post","2":"type-post","3":"status-publish","4":"format-standard","5":"has-post-thumbnail","7":"category-alimentos-agroindustria"},"_links":{"self":[{"href":"https:\/\/jms.com.bo\/mediamonitor\/wp-json\/wp\/v2\/posts\/39584","targetHints":{"allow":["GET"]}}],"collection":[{"href":"https:\/\/jms.com.bo\/mediamonitor\/wp-json\/wp\/v2\/posts"}],"about":[{"href":"https:\/\/jms.com.bo\/mediamonitor\/wp-json\/wp\/v2\/types\/post"}],"author":[{"embeddable":true,"href":"https:\/\/jms.com.bo\/mediamonitor\/wp-json\/wp\/v2\/users\/1"}],"replies":[{"embeddable":true,"href":"https:\/\/jms.com.bo\/mediamonitor\/wp-json\/wp\/v2\/comments?post=39584"}],"version-history":[{"count":0,"href":"https:\/\/jms.com.bo\/mediamonitor\/wp-json\/wp\/v2\/posts\/39584\/revisions"}],"wp:featuredmedia":[{"embeddable":true,"href":"https:\/\/jms.com.bo\/mediamonitor\/wp-json\/wp\/v2\/media\/39585"}],"wp:attachment":[{"href":"https:\/\/jms.com.bo\/mediamonitor\/wp-json\/wp\/v2\/media?parent=39584"}],"wp:term":[{"taxonomy":"category","embeddable":true,"href":"https:\/\/jms.com.bo\/mediamonitor\/wp-json\/wp\/v2\/categories?post=39584"},{"taxonomy":"post_tag","embeddable":true,"href":"https:\/\/jms.com.bo\/mediamonitor\/wp-json\/wp\/v2\/tags?post=39584"}],"curies":[{"name":"wp","href":"https:\/\/api.w.org\/{rel}","templated":true}]}}