{"id":39629,"date":"2022-12-14T06:09:42","date_gmt":"2022-12-14T10:09:42","guid":{"rendered":"https:\/\/jms.com.bo\/mediamonitor\/2022\/12\/14\/pruebas-en-tiempo-real-y-dia-de-vacunacion-las-estrategias-de-salud-y-los-nueve-sedes-contra-la-sexta-ola-del-covid\/"},"modified":"2022-12-14T06:09:42","modified_gmt":"2022-12-14T10:09:42","slug":"pruebas-en-tiempo-real-y-dia-de-vacunacion-las-estrategias-de-salud-y-los-nueve-sedes-contra-la-sexta-ola-del-covid","status":"publish","type":"post","link":"https:\/\/jms.com.bo\/mediamonitor\/2022\/12\/14\/pruebas-en-tiempo-real-y-dia-de-vacunacion-las-estrategias-de-salud-y-los-nueve-sedes-contra-la-sexta-ola-del-covid\/","title":{"rendered":"Pruebas en tiempo real y d\u00eda de vacunaci\u00f3n, las estrategias de Salud y los nueve Sedes contra la sexta ola del COVID"},"content":{"rendered":"<p style=\"text-align: justify;\">Con los casos de COVID-19 en pleno ascenso, el Ministerio de Salud y representantes de los nueve servicios departamentales de Salud (Sedes) se reunieron este martes para dise\u00f1ar una estrategia conjunta contra la sexta ola. Dos ejes de acci\u00f3n se definieron, el impulso necesario de la vacunaci\u00f3n y un monitoreo en tiempo real de las pruebas de diagn\u00f3stico.<\/p>\n<p style=\"text-align: justify;\">\u201cDebemos unificar los esfuerzos, homogenizar las acciones, debemos garantizar que el trabajo se realice de manera sin\u00e9rgica para afrontar una nueva ola epidemiol\u00f3gica (\u2026) Nosotros contamos con una estrategia integral, la cual desde la segunda ola hasta la fecha nos brinda los resultados que ahora vemos, podemos catalogarlos de resultados exitosos (\u2026) pero en este transcurrir nos hemos dado cuenta que hay varios elementos que deben ser mejorados\u201d, indic\u00f3 el ministro de Salud, Jeyson Auza.<\/p>\n<p style=\"text-align: justify;\">La primera deficiencia detectada fue el reporte manual de casos que sol\u00edan enviar los Sedes. Ahora, se crear\u00e1 un sistema para que los resultados de test sean ingresados de inmediato y puedan ser monitoreados en tiempo real.<\/p>\n<p style=\"text-align: justify;\">Esta estrategia ser\u00e1 aplicada con el objetivo de una reacci\u00f3n instant\u00e1nea, en caso de que alguna de las regiones reporte un ascenso abrupto de pruebas positivas. Los Sedes expresaron su acuerdo en esta coordinaci\u00f3n, plasmado en un acta de la reuni\u00f3n.<\/p>\n<p style=\"text-align: justify;\">\u201cVamos a implementar un Sistema de Vigilancia Epidemiol\u00f3gica en tiempo real que nos permita tener la informaci\u00f3n en todo momento, que nos permita alimentar esta base de datos por cada uno de los servicios departamentales de Salud y que nos permita saber si en alg\u00fan departamento tenemos una alerta por el brote o rebrote de una enfermedad que creemos controlada\u201d, indic\u00f3 Auza.<\/p>\n<p style=\"text-align: justify;\">SEXTA OLA<\/p>\n<p style=\"text-align: justify;\">La responsabilidad de crear la base de datos ser\u00e1 de la Unidad Nacional de Epidemiolog\u00eda. Los Sedes estar\u00e1n en la obligaci\u00f3n de subir la informaci\u00f3n de las pruebas que toman, para el monitoreo por el nivel central.<\/p>\n<p style=\"text-align: justify;\">\u201cDe esta manera el manejo de la informaci\u00f3n ser\u00e1 en tiempo real y permitir\u00e1 un salto tecnol\u00f3gico para los sistemas de vigilancia, que hoy tienen que consolidar datos manualmente, con todos los riesgos que significa la falta de oportunidad en el manejo de informaci\u00f3n, clave para la toma de decisiones o generaci\u00f3n de pol\u00edticas generales y\/espec\u00edficas en tiempo y espacio\u201d, se\u00f1ala el acuerdo entre el Ministerio de Salud y los Sedes.<\/p>\n<p style=\"text-align: justify;\">La vacunaci\u00f3n ser\u00e1 todav\u00eda una base fundamental para enfrentar la pandemia y lograr principalmente bajas tasas de letalidad. El avance ha generado preocupaci\u00f3n sobre todo cuando se trata de dosis de refuerzo e inmunizaci\u00f3n de menores de edad, por esto, Salud y los Sedes planificar\u00e1n un d\u00eda nacional para dedicarlo a la inoculaci\u00f3n.<\/p>\n<p style=\"text-align: justify;\">\u201cHemos acordado hoy (martes), en nuestra reuni\u00f3n, que los Sedes van a incentivar la vacunaci\u00f3n de su poblaci\u00f3n. Vamos a fijar un d\u00eda de vacunaci\u00f3n en todo el pa\u00eds para inmunizar a nuestra poblaci\u00f3n. Pero a m\u00e1s de eso, todos los Sedes vamos a estimular la vacunaci\u00f3n no solamente para la COVID-19, sino para todas las 23 enfermedades que tiene el Programa Ampliado de Inmunizaci\u00f3n (PAI)\u201d, sostuvo el director nacional de Epidemiolog\u00eda del Ministerio de Salud, Freddy Armijo.<\/p>\n<p style=\"text-align: justify;\">VACUNACI\u00d3N<\/p>\n<p style=\"text-align: justify;\">La cobertura de vacunaci\u00f3n en segunda dosis a nivel nacional, seg\u00fan datos del Ministerio de Salud, llega al 56%; mientras que en tercera dosis alcanza el 31%. En ese sentido y ante la llegada de la sexta ola se ve la necesidad de mejorar las cifras, para mantener la baja letalidad de la quinta ola.<\/p>\n<p style=\"text-align: justify;\">\u201cLa lecci\u00f3n que nos deja la quinta ola es que los pocos que fallecieron. Tenemos una tasa de letalidad de 0,1%, fueron personas que no estuvieron vacunadas o tuvieron una vacuna insuficiente. Por otro lado, tenemos que seguir usando las medidas de bioseguridad\u201d, puntualiz\u00f3 el funcionario de salud.<\/p>\n<p style=\"text-align: justify;\">Esta sexta ola est\u00e1 marcada por el ingreso de dos subvariantes del COVID-19 m\u00e1s contagiosas. No obstante, las medidas de bioseguridad, al igual que en las anteriores olas, reducen la probabilidad de contagio, entre ellas, el uso del barbijo, alcohol en gel, distanciamiento social y recibir las dosis de refuerzo.<\/p>\n<p style=\"text-align: justify;\">Salud incidir\u00e1 en la coordinaci\u00f3n cercana con los servicios departamentales, para enfrentar de manera sist\u00e9mica esta nueva ola, que genera un crecimiento acelerado de contagios.<\/p>\n<p style=\"text-align: justify;\">\u201cEncontramos alta coincidencia con todos los Sedes\u201d, puntualiz\u00f3 Armijo.<\/p>\n","protected":false},"excerpt":{"rendered":"<p>Con los casos de COVID-19 en pleno ascenso, el Ministerio de Salud y representantes de los nueve servicios departamentales de Salud (Sedes) se reunieron este martes para dise\u00f1ar una estrategia conjunta contra la sexta ola. Dos ejes de acci\u00f3n se definieron, el impulso necesario de la vacunaci\u00f3n y un monitoreo en tiempo real de las [&hellip;]<\/p>\n","protected":false},"author":4,"featured_media":39630,"comment_status":"open","ping_status":"open","sticky":false,"template":"","format":"standard","meta":{"footnotes":""},"categories":[53],"tags":[],"class_list":{"0":"post-39629","1":"post","2":"type-post","3":"status-publish","4":"format-standard","5":"has-post-thumbnail","7":"category-salud"},"_links":{"self":[{"href":"https:\/\/jms.com.bo\/mediamonitor\/wp-json\/wp\/v2\/posts\/39629","targetHints":{"allow":["GET"]}}],"collection":[{"href":"https:\/\/jms.com.bo\/mediamonitor\/wp-json\/wp\/v2\/posts"}],"about":[{"href":"https:\/\/jms.com.bo\/mediamonitor\/wp-json\/wp\/v2\/types\/post"}],"author":[{"embeddable":true,"href":"https:\/\/jms.com.bo\/mediamonitor\/wp-json\/wp\/v2\/users\/4"}],"replies":[{"embeddable":true,"href":"https:\/\/jms.com.bo\/mediamonitor\/wp-json\/wp\/v2\/comments?post=39629"}],"version-history":[{"count":0,"href":"https:\/\/jms.com.bo\/mediamonitor\/wp-json\/wp\/v2\/posts\/39629\/revisions"}],"wp:featuredmedia":[{"embeddable":true,"href":"https:\/\/jms.com.bo\/mediamonitor\/wp-json\/wp\/v2\/media\/39630"}],"wp:attachment":[{"href":"https:\/\/jms.com.bo\/mediamonitor\/wp-json\/wp\/v2\/media?parent=39629"}],"wp:term":[{"taxonomy":"category","embeddable":true,"href":"https:\/\/jms.com.bo\/mediamonitor\/wp-json\/wp\/v2\/categories?post=39629"},{"taxonomy":"post_tag","embeddable":true,"href":"https:\/\/jms.com.bo\/mediamonitor\/wp-json\/wp\/v2\/tags?post=39629"}],"curies":[{"name":"wp","href":"https:\/\/api.w.org\/{rel}","templated":true}]}}