{"id":39631,"date":"2022-12-14T06:11:10","date_gmt":"2022-12-14T10:11:10","guid":{"rendered":"https:\/\/jms.com.bo\/mediamonitor\/2022\/12\/14\/santa-cruz-epicentro-del-covid-y-con-alto-riesgo-de-contagios\/"},"modified":"2022-12-14T06:11:10","modified_gmt":"2022-12-14T10:11:10","slug":"santa-cruz-epicentro-del-covid-y-con-alto-riesgo-de-contagios","status":"publish","type":"post","link":"https:\/\/jms.com.bo\/mediamonitor\/2022\/12\/14\/santa-cruz-epicentro-del-covid-y-con-alto-riesgo-de-contagios\/","title":{"rendered":"Santa Cruz, epicentro del covid y con alto riesgo de contagios"},"content":{"rendered":"<p style=\"text-align: justify;\">El departamento de Santa Cruz se ha convertido en el epicentro de la pandemia del covid y tiene un riesgo muy elevado de transmisibilidad. Las autoridades aseguraron que alistan acciones para enfrentar a la enfermedad.<\/p>\n<p style=\"text-align: justify;\">El ministro de Salud, Jeyson Auza, indic\u00f3 que seg\u00fan el informe semanal, el departamento de Santa Cruz es el epicentro de casos del covid porque, de los 6.079 casos que se registraron durante la \u00faltima semana en todo el pa\u00eds, esa regi\u00f3n report\u00f3 4.471. Esto representa un incremento de un 486%.<\/p>\n<p style=\"text-align: justify;\">Ante esa situaci\u00f3n, la responsable de la Secretar\u00eda Municipal de Salud de Santa Cruz de la Sierra, Adriana Amelungue, indic\u00f3 que en la capital cruce\u00f1a se reportaron 4.388 casos positivos de covid con un \u00edndice de positividad de 34%, es decir que de cada 100 personas que se hacen la prueba, 34 salen positivos.<\/p>\n<p style=\"text-align: justify;\">Eso significa que dentro de un periodo \u2013cuando no hay casos activos circulando en forma de epidemia\u2013 se tiene un \u00edndice de positividad de 5 a 6%, pero actualmente sobrepasa el 30%. \u201cEso nos llama la atenci\u00f3n porque, seg\u00fan los est\u00e1ndares internacionales, nos encontramos en riesgo muy elevado de alta transmisi\u00f3n\u201d, resalt\u00f3 la autoridad.<\/p>\n<p style=\"text-align: justify;\">\u201cEn promedio, cada d\u00eda se registran 626 casos positivos\u201d, agreg\u00f3 Amelungue.<\/p>\n<p style=\"text-align: justify;\">El coordinador de Redes Urbanas de la Gobernaci\u00f3n de Santa Cruz, Jorge Quiroz, inform\u00f3 que este incremento de casos tiene un impacto de mediana magnitud.<\/p>\n<p style=\"text-align: justify;\">Durante la \u00faltima semana, 15 municipios reportaron casos positivos en la sexta ola.<\/p>\n<p style=\"text-align: justify;\">Quiroz dijo que este incremento se debe a la presencia de las nuevas subvariantes BQ1.1 y BQ1.1 de la variante \u00f3micron. Las mismas son de mayor transmisi\u00f3n, pero de baja letalidad.<\/p>\n<p style=\"text-align: justify;\">Con esos datos, seg\u00fan Amelungue, Santa Cruz estar\u00eda llegando al pico de la sexta ola entre la primera o segunda semana de enero. Indic\u00f3 que el municipio de Santa Cruz ya activ\u00f3 los planes de contingencia: los cuales son din\u00e1micos y de acuerdo con las olas. \u201cPor el momento tenemos 20 camas disponibles para pacientes, las cuales a\u00fan no est\u00e1n ocupadas\u201d.<\/p>\n<p style=\"text-align: justify;\">Adem\u00e1s, la funcionaria dijo que durante la \u00faltima semana no hubo ning\u00fan muerto, por lo que se cuenta con un 0,1% de tasa de letalidad.<\/p>\n<p style=\"text-align: justify;\">Anunci\u00f3 que desde la semana pasada se reactivaron las medidas de bioseguridad, en especial en los ambientes cerrados donde haya aglomeraci\u00f3n de personas. Record\u00f3 que el uso de barbijos, el lavado de manos, el uso del alcohol y el distanciamiento son las medidas eficaces para prevenir la pandemia.<\/p>\n<p style=\"text-align: justify;\">Sostuvo que instalaron tres puntos de toma de muestras e indic\u00f3 que, si la demanda aumenta, habilitar\u00e1n m\u00e1s espacios.<\/p>\n<p style=\"text-align: justify;\">Estrategias ante sexta ola<\/p>\n<p style=\"text-align: justify;\">Luego de dos reuniones que tuvo el Ministerio de Salud con los nueve Sedes del pa\u00eds, el Ministro del \u00e1rea indic\u00f3 ayer que se asumieron varias determinaciones.<\/p>\n<p style=\"text-align: justify;\">En los encuentros se evaluaron las debilidades y se realizaron las estrategias para afrontar la sexta ola.<\/p>\n<p style=\"text-align: justify;\">La primera determinaci\u00f3n es la de mejorar el sistema de informaci\u00f3n, ya que era una de las debilidades. \u201c(Ahora) Tendremos un sistema de vigilancia en tiempo real que permita alimentar la base de datos para saber si se tiene una alerta, rebrote o existencia de nuevas enfermedades\u201d, afirm\u00f3 Auza.<\/p>\n<p style=\"text-align: justify;\">A\u00f1adi\u00f3 que existen algunas amenazas sanitarias y para ello se debe estar preparado.<\/p>\n<p style=\"text-align: justify;\">De acuerdo con el ministro de Salud, todas las personas que hayan transcurrido m\u00e1s de seis meses de su \u00faltima dosis de la vacuna contra la covid tienen derecho a tener la dosis de refuerzo.<\/p>\n<p style=\"text-align: justify;\">El jefe de Epidemiolog\u00eda del Ministerio de Salud, Freddy Armijo, asegur\u00f3 que es importante vacunarse, porque mientras no se alcance el 80%, la poblaci\u00f3n est\u00e1 en riesgo.<\/p>\n<p style=\"text-align: justify;\">Un detalle importante<\/p>\n<p style=\"text-align: justify;\">P\u00e1gina Siete tiene un equipo de 35 periodistas que trabajan para cubrir las noticias que le permiten estar bien informado.<\/p>\n<p style=\"text-align: justify;\">Ay\u00fadenos a financiar este servicio suscribi\u00e9ndose a P\u00e1gina Siete Digital y reciba acceso a informaci\u00f3n exclusiva, como el peri\u00f3dico impreso digital, la hemeroteca (con 13 a\u00f1os de informaci\u00f3n acumulada) y mucho m\u00e1s.<\/p>\n<p style=\"text-align: justify;\">El precio mensual equivale a lo que costar\u00eda un almuerzo.<\/p>\n<p style=\"text-align: justify;\">Apoyar el periodismo independiente es una buena causa.<\/p>\n","protected":false},"excerpt":{"rendered":"<p>El departamento de Santa Cruz se ha convertido en el epicentro de la pandemia del covid y tiene un riesgo muy elevado de transmisibilidad. Las autoridades aseguraron que alistan acciones para enfrentar a la enfermedad. El ministro de Salud, Jeyson Auza, indic\u00f3 que seg\u00fan el informe semanal, el departamento de Santa Cruz es el epicentro [&hellip;]<\/p>\n","protected":false},"author":4,"featured_media":39632,"comment_status":"open","ping_status":"open","sticky":false,"template":"","format":"standard","meta":{"footnotes":""},"categories":[53],"tags":[],"class_list":{"0":"post-39631","1":"post","2":"type-post","3":"status-publish","4":"format-standard","5":"has-post-thumbnail","7":"category-salud"},"_links":{"self":[{"href":"https:\/\/jms.com.bo\/mediamonitor\/wp-json\/wp\/v2\/posts\/39631","targetHints":{"allow":["GET"]}}],"collection":[{"href":"https:\/\/jms.com.bo\/mediamonitor\/wp-json\/wp\/v2\/posts"}],"about":[{"href":"https:\/\/jms.com.bo\/mediamonitor\/wp-json\/wp\/v2\/types\/post"}],"author":[{"embeddable":true,"href":"https:\/\/jms.com.bo\/mediamonitor\/wp-json\/wp\/v2\/users\/4"}],"replies":[{"embeddable":true,"href":"https:\/\/jms.com.bo\/mediamonitor\/wp-json\/wp\/v2\/comments?post=39631"}],"version-history":[{"count":0,"href":"https:\/\/jms.com.bo\/mediamonitor\/wp-json\/wp\/v2\/posts\/39631\/revisions"}],"wp:featuredmedia":[{"embeddable":true,"href":"https:\/\/jms.com.bo\/mediamonitor\/wp-json\/wp\/v2\/media\/39632"}],"wp:attachment":[{"href":"https:\/\/jms.com.bo\/mediamonitor\/wp-json\/wp\/v2\/media?parent=39631"}],"wp:term":[{"taxonomy":"category","embeddable":true,"href":"https:\/\/jms.com.bo\/mediamonitor\/wp-json\/wp\/v2\/categories?post=39631"},{"taxonomy":"post_tag","embeddable":true,"href":"https:\/\/jms.com.bo\/mediamonitor\/wp-json\/wp\/v2\/tags?post=39631"}],"curies":[{"name":"wp","href":"https:\/\/api.w.org\/{rel}","templated":true}]}}