{"id":39633,"date":"2022-12-14T06:14:00","date_gmt":"2022-12-14T10:14:00","guid":{"rendered":"https:\/\/jms.com.bo\/mediamonitor\/2022\/12\/14\/los-casos-de-covid-19-pasan-de-2-000-por-primera-vez-en-la-sexta-ola\/"},"modified":"2022-12-14T06:14:00","modified_gmt":"2022-12-14T10:14:00","slug":"los-casos-de-covid-19-pasan-de-2-000-por-primera-vez-en-la-sexta-ola","status":"publish","type":"post","link":"https:\/\/jms.com.bo\/mediamonitor\/2022\/12\/14\/los-casos-de-covid-19-pasan-de-2-000-por-primera-vez-en-la-sexta-ola\/","title":{"rendered":"Los casos de COVID-19 pasan de 2.000 por primera vez en la sexta ola"},"content":{"rendered":"<p style=\"text-align: justify;\">Por primera vez desde el inicio de la sexta ola de la pandemia, los casos de COVID-19 en el pa\u00eds pasaron de 2.000. As\u00ed lo refleja el reporte de este martes 13, del Ministerio de Salud, que se\u00f1ala la suma de 2.271 contagios.<\/p>\n<p style=\"text-align: justify;\">El departamento con mayor registro es Santa Cruz, donde los positivos llegaron a 1.821 este martes. Le siguen Cochabamba, con 200 positivos; La Paz, con 117; Chuquisaca, 49; Tarija, 26; Oruro, 10; Potos\u00ed, tres; mientras que Beni y Pando tienen reportes en cero.<\/p>\n<p style=\"text-align: justify;\">Con este informe, el total nacional en casi tres a\u00f1os de la pandemia llega a 1.122.783 casos. En cuanto a decesos, este martes no se registr\u00f3 ninguno, por lo que el acumulado nacional se mantiene en 22.253.<\/p>\n<p style=\"text-align: justify;\">La sexta ola llega as\u00ed a su cifra m\u00e1s alta hasta el momento. Este rebrote fue declarado de manera oficial por el Ministerio de Salud la pasada semana, luego de cuatro semanas consecutivas con incremento de contagios.<\/p>\n<p style=\"text-align: justify;\">En esta oportunidad, preocupa el ingreso al pa\u00eds de dos nuevas subvariantes entre el 20% y 30% m\u00e1s contagiosas que sus predecesoras. De momento, el Ministerio de Salud ha convocado a los Sedes para acordar un refuerzo de la vacunaci\u00f3n y un monitoreo en tiempo real de los resultados de las pruebas.<\/p>\n<p style=\"text-align: justify;\">Salud prev\u00e9 que el pico de la sexta ola llegue en enero, esta \u00faltima semana epidemiol\u00f3gica se sumaron 6.079 casos en el pa\u00eds, 278% m\u00e1s que la semana pasada. Para esta la tendencia apunta a un incremento incluso mayor.<\/p>\n","protected":false},"excerpt":{"rendered":"<p>Por primera vez desde el inicio de la sexta ola de la pandemia, los casos de COVID-19 en el pa\u00eds pasaron de 2.000. As\u00ed lo refleja el reporte de este martes 13, del Ministerio de Salud, que se\u00f1ala la suma de 2.271 contagios. El departamento con mayor registro es Santa Cruz, donde los positivos llegaron [&hellip;]<\/p>\n","protected":false},"author":4,"featured_media":39634,"comment_status":"open","ping_status":"open","sticky":false,"template":"","format":"standard","meta":{"footnotes":""},"categories":[53],"tags":[],"class_list":{"0":"post-39633","1":"post","2":"type-post","3":"status-publish","4":"format-standard","5":"has-post-thumbnail","7":"category-salud"},"_links":{"self":[{"href":"https:\/\/jms.com.bo\/mediamonitor\/wp-json\/wp\/v2\/posts\/39633","targetHints":{"allow":["GET"]}}],"collection":[{"href":"https:\/\/jms.com.bo\/mediamonitor\/wp-json\/wp\/v2\/posts"}],"about":[{"href":"https:\/\/jms.com.bo\/mediamonitor\/wp-json\/wp\/v2\/types\/post"}],"author":[{"embeddable":true,"href":"https:\/\/jms.com.bo\/mediamonitor\/wp-json\/wp\/v2\/users\/4"}],"replies":[{"embeddable":true,"href":"https:\/\/jms.com.bo\/mediamonitor\/wp-json\/wp\/v2\/comments?post=39633"}],"version-history":[{"count":0,"href":"https:\/\/jms.com.bo\/mediamonitor\/wp-json\/wp\/v2\/posts\/39633\/revisions"}],"wp:featuredmedia":[{"embeddable":true,"href":"https:\/\/jms.com.bo\/mediamonitor\/wp-json\/wp\/v2\/media\/39634"}],"wp:attachment":[{"href":"https:\/\/jms.com.bo\/mediamonitor\/wp-json\/wp\/v2\/media?parent=39633"}],"wp:term":[{"taxonomy":"category","embeddable":true,"href":"https:\/\/jms.com.bo\/mediamonitor\/wp-json\/wp\/v2\/categories?post=39633"},{"taxonomy":"post_tag","embeddable":true,"href":"https:\/\/jms.com.bo\/mediamonitor\/wp-json\/wp\/v2\/tags?post=39633"}],"curies":[{"name":"wp","href":"https:\/\/api.w.org\/{rel}","templated":true}]}}