{"id":39635,"date":"2022-12-14T06:16:05","date_gmt":"2022-12-14T10:16:05","guid":{"rendered":"https:\/\/jms.com.bo\/mediamonitor\/2022\/12\/14\/defensa-del-consumidor-empresarios-en-santa-cruz-buscan-recuperar-millonarias-perdidas-con-incremento-en-el-precio-de-pollo\/"},"modified":"2022-12-14T06:16:05","modified_gmt":"2022-12-14T10:16:05","slug":"defensa-del-consumidor-empresarios-en-santa-cruz-buscan-recuperar-millonarias-perdidas-con-incremento-en-el-precio-de-pollo","status":"publish","type":"post","link":"https:\/\/jms.com.bo\/mediamonitor\/2022\/12\/14\/defensa-del-consumidor-empresarios-en-santa-cruz-buscan-recuperar-millonarias-perdidas-con-incremento-en-el-precio-de-pollo\/","title":{"rendered":"Defensa del Consumidor: Empresarios en Santa Cruz buscan \u201crecuperar millonarias p\u00e9rdidas\u201d con incremento en el precio de pollo"},"content":{"rendered":"<p style=\"text-align: justify;\">Empresarios en Santa Cruz subieron el precio del kilo de carne de pollo a Bs 15 y Bs 15.50, para \u201crecuperar de alguna manera las millonarias p\u00e9rdidas econ\u00f3micas\u201d durante los 36 d\u00edas de paro c\u00edvico, inform\u00f3 el viceministro de Defensa del Consumidor, Jorge Silva.<\/p>\n<p style=\"text-align: justify;\">\u201cLo ir\u00f3nico es que son los propios empresarios que de alguna manera han estado financiando, aportando e incentivando el paro, afectando la econom\u00eda de todo el departamento, que le han encontrado la manera de meterle la mano al bolsillo del consumidor y recuperar alguito de lo que han perdido en el paro\u201d, afirm\u00f3.<\/p>\n<p style=\"text-align: justify;\">Por lo general, el precio del kilo de pollo en Santa Cruz, regi\u00f3n productora, est\u00e1 entre Bs 10, Bs 10,50 y Bs 13, sin embargo en este tiempo subi\u00f3 hasta Bs 15.50, insisti\u00f3 Silva en una entrevista en Bolivia Tv.<\/p>\n<p style=\"text-align: justify;\">Las p\u00e9rdidas econ\u00f3micas en el departamento de Santa Cruz por los 36 d\u00edas de paro c\u00edvico se cifran en m\u00e1s de $us 1.200 millones. Uno de los sectores m\u00e1s afectado fue el productivo.<\/p>\n<p style=\"text-align: justify;\">\u201cLamentablemente los empresarios, no todos, han incrementado el precio de su producto para recuperar de alguna manera las millonarias p\u00e9rdidas econ\u00f3micas que han tenido durante los 36 d\u00edas de paro\u201d, insisti\u00f3.<\/p>\n<p style=\"text-align: justify;\">Mientras que en el resto de Bolivia el precio del kilo de pollo est\u00e1 estable.<\/p>\n<p style=\"text-align: justify;\">Silva explic\u00f3 que en los mercados de Bolivia hay abastecimiento de los productos de la canasta familiar y los precios \u201cest\u00e1n estableces dentro de los m\u00e1rgenes permitidos en estas fechas\u201d, sin embargo advirti\u00f3 que hay controles constantes para mantener esta situaci\u00f3n de estabilidad.<\/p>\n<p style=\"text-align: justify;\">Un mapeo publicado por la cadena internacional Visual Capitalist, da cuenta que Bolivia contin\u00faa con la inflaci\u00f3n m\u00e1s baja del mundo, con 2,9%, respecto a otros pa\u00edses que registran tasas de dos o m\u00e1s d\u00edgitos.<\/p>\n","protected":false},"excerpt":{"rendered":"<p>Empresarios en Santa Cruz subieron el precio del kilo de carne de pollo a Bs 15 y Bs 15.50, para \u201crecuperar de alguna manera las millonarias p\u00e9rdidas econ\u00f3micas\u201d durante los 36 d\u00edas de paro c\u00edvico, inform\u00f3 el viceministro de Defensa del Consumidor, Jorge Silva. \u201cLo ir\u00f3nico es que son los propios empresarios que de alguna [&hellip;]<\/p>\n","protected":false},"author":4,"featured_media":39636,"comment_status":"open","ping_status":"open","sticky":false,"template":"","format":"standard","meta":{"footnotes":""},"categories":[52],"tags":[],"class_list":{"0":"post-39635","1":"post","2":"type-post","3":"status-publish","4":"format-standard","5":"has-post-thumbnail","7":"category-alimentos-agroindustria"},"_links":{"self":[{"href":"https:\/\/jms.com.bo\/mediamonitor\/wp-json\/wp\/v2\/posts\/39635","targetHints":{"allow":["GET"]}}],"collection":[{"href":"https:\/\/jms.com.bo\/mediamonitor\/wp-json\/wp\/v2\/posts"}],"about":[{"href":"https:\/\/jms.com.bo\/mediamonitor\/wp-json\/wp\/v2\/types\/post"}],"author":[{"embeddable":true,"href":"https:\/\/jms.com.bo\/mediamonitor\/wp-json\/wp\/v2\/users\/4"}],"replies":[{"embeddable":true,"href":"https:\/\/jms.com.bo\/mediamonitor\/wp-json\/wp\/v2\/comments?post=39635"}],"version-history":[{"count":0,"href":"https:\/\/jms.com.bo\/mediamonitor\/wp-json\/wp\/v2\/posts\/39635\/revisions"}],"wp:featuredmedia":[{"embeddable":true,"href":"https:\/\/jms.com.bo\/mediamonitor\/wp-json\/wp\/v2\/media\/39636"}],"wp:attachment":[{"href":"https:\/\/jms.com.bo\/mediamonitor\/wp-json\/wp\/v2\/media?parent=39635"}],"wp:term":[{"taxonomy":"category","embeddable":true,"href":"https:\/\/jms.com.bo\/mediamonitor\/wp-json\/wp\/v2\/categories?post=39635"},{"taxonomy":"post_tag","embeddable":true,"href":"https:\/\/jms.com.bo\/mediamonitor\/wp-json\/wp\/v2\/tags?post=39635"}],"curies":[{"name":"wp","href":"https:\/\/api.w.org\/{rel}","templated":true}]}}