{"id":39639,"date":"2022-12-14T06:20:34","date_gmt":"2022-12-14T10:20:34","guid":{"rendered":"https:\/\/jms.com.bo\/mediamonitor\/2022\/12\/14\/defensa-del-consumidor-reporta-mercados-abastecidos-y-precios-estables-dentro-de-los-margenes-permitidos\/"},"modified":"2022-12-14T06:20:34","modified_gmt":"2022-12-14T10:20:34","slug":"defensa-del-consumidor-reporta-mercados-abastecidos-y-precios-estables-dentro-de-los-margenes-permitidos","status":"publish","type":"post","link":"https:\/\/jms.com.bo\/mediamonitor\/2022\/12\/14\/defensa-del-consumidor-reporta-mercados-abastecidos-y-precios-estables-dentro-de-los-margenes-permitidos\/","title":{"rendered":"Defensa del Consumidor reporta mercados abastecidos y precios \u201cestables dentro de los m\u00e1rgenes permitidos\u201d"},"content":{"rendered":"<p style=\"text-align: justify;\">El viceministro de Defensa de los Derechos del Usuario y Consumidor, Jorge Silva, inform\u00f3 que los mercados est\u00e1n abastecidos y \u201cestables dentro de los m\u00e1rgenes permitidos\u201d los precios de los productos.<\/p>\n<p style=\"text-align: justify;\">\u201cLos mercados est\u00e1n abastecidos de los productos de la canasta familiar y podr\u00edamos se\u00f1alar que los precios est\u00e1n estables dentro de los m\u00e1rgenes permitidos en estas fechas del a\u00f1o\u201d, indic\u00f3 en contacto con la red de medios estatales.<\/p>\n<p style=\"text-align: justify;\">En Bolivia y el resto del mundo, este mes, por las fiestas de Navidad y A\u00f1o Nuevo, hay mayor cantidad de vendedores y compradores, por lo que los productos \u201cnormalmente\u201d suben de precio, explic\u00f3.<\/p>\n<p style=\"text-align: justify;\">Silva afirm\u00f3 que las autoridades competentes de \u201cninguna manera\u201d permitir\u00e1n que los precios de los productos \u201cse disparen\u201d m\u00e1s all\u00e1 de lo normal.<\/p>\n<p style=\"text-align: justify;\">Es por eso que fue activado el plan \u201cEn diciembre se consume seguro\u201d, con la finalidad de garantizar el abastecimiento de productos y precios justos que no afecten la econom\u00eda del usuario y del consumidor.<\/p>\n<p style=\"text-align: justify;\">Tambi\u00e9n implica controles a la calidad de los productos, como el Registro Sanitario emitido por el Senasag, el estado, la fecha de vencimiento vigente, adem\u00e1s del control al contrabando.<\/p>\n<p style=\"text-align: justify;\">\u201cEs un trabajo amplio por el cual convocamos a las otras autoridades del Estado Plurinacional para que tanto del nivel municipal, departamental y central se pueda realizar un trabajo coordinado para garantizar al usuario y consumidor de que sus derechos no van a ser vulnerados\u201d, exhort\u00f3.<\/p>\n","protected":false},"excerpt":{"rendered":"<p>El viceministro de Defensa de los Derechos del Usuario y Consumidor, Jorge Silva, inform\u00f3 que los mercados est\u00e1n abastecidos y \u201cestables dentro de los m\u00e1rgenes permitidos\u201d los precios de los productos. \u201cLos mercados est\u00e1n abastecidos de los productos de la canasta familiar y podr\u00edamos se\u00f1alar que los precios est\u00e1n estables dentro de los m\u00e1rgenes permitidos [&hellip;]<\/p>\n","protected":false},"author":4,"featured_media":39640,"comment_status":"open","ping_status":"open","sticky":false,"template":"","format":"standard","meta":{"footnotes":""},"categories":[52],"tags":[],"class_list":{"0":"post-39639","1":"post","2":"type-post","3":"status-publish","4":"format-standard","5":"has-post-thumbnail","7":"category-alimentos-agroindustria"},"_links":{"self":[{"href":"https:\/\/jms.com.bo\/mediamonitor\/wp-json\/wp\/v2\/posts\/39639","targetHints":{"allow":["GET"]}}],"collection":[{"href":"https:\/\/jms.com.bo\/mediamonitor\/wp-json\/wp\/v2\/posts"}],"about":[{"href":"https:\/\/jms.com.bo\/mediamonitor\/wp-json\/wp\/v2\/types\/post"}],"author":[{"embeddable":true,"href":"https:\/\/jms.com.bo\/mediamonitor\/wp-json\/wp\/v2\/users\/4"}],"replies":[{"embeddable":true,"href":"https:\/\/jms.com.bo\/mediamonitor\/wp-json\/wp\/v2\/comments?post=39639"}],"version-history":[{"count":0,"href":"https:\/\/jms.com.bo\/mediamonitor\/wp-json\/wp\/v2\/posts\/39639\/revisions"}],"wp:featuredmedia":[{"embeddable":true,"href":"https:\/\/jms.com.bo\/mediamonitor\/wp-json\/wp\/v2\/media\/39640"}],"wp:attachment":[{"href":"https:\/\/jms.com.bo\/mediamonitor\/wp-json\/wp\/v2\/media?parent=39639"}],"wp:term":[{"taxonomy":"category","embeddable":true,"href":"https:\/\/jms.com.bo\/mediamonitor\/wp-json\/wp\/v2\/categories?post=39639"},{"taxonomy":"post_tag","embeddable":true,"href":"https:\/\/jms.com.bo\/mediamonitor\/wp-json\/wp\/v2\/tags?post=39639"}],"curies":[{"name":"wp","href":"https:\/\/api.w.org\/{rel}","templated":true}]}}