{"id":39641,"date":"2022-12-14T06:22:37","date_gmt":"2022-12-14T10:22:37","guid":{"rendered":"https:\/\/jms.com.bo\/mediamonitor\/2022\/12\/14\/senadora-denuncia-que-el-mas-instala-guerrillas-urbanas-en-santa-cruz\/"},"modified":"2022-12-14T06:22:37","modified_gmt":"2022-12-14T10:22:37","slug":"senadora-denuncia-que-el-mas-instala-guerrillas-urbanas-en-santa-cruz","status":"publish","type":"post","link":"https:\/\/jms.com.bo\/mediamonitor\/2022\/12\/14\/senadora-denuncia-que-el-mas-instala-guerrillas-urbanas-en-santa-cruz\/","title":{"rendered":"Senadora denuncia que el MAS instala \u201cguerrillas urbanas\u201d en Santa Cruz"},"content":{"rendered":"<p style=\"text-align: justify;\">La senadora CentaRek (Creemos) denunci\u00f3 que el MAS est\u00e1 instalando \u00abguerrillas urbanas\u00bb en Santa Cruz como una estrategia de poder para impulsar avasallamiento de tierras y especialmente espacios p\u00fablicos.<\/p>\n<p style=\"text-align: justify;\">\u00abComo estrategia de poder el presidente Arce Catacora y el MAS han diagramado una pol\u00edtica agresiva con focos de guerrilla urbana, una verdadera guerra de baja intensidad, que est\u00e1 dirigida a impulsar avasallamientos, toma de predios, de espacios p\u00fablicos, parques y reservas en todo el territorio nacional, especialmente en Santa Cruz\u00bb escribi\u00f3 en un reciente art\u00edculo.<\/p>\n<p style=\"text-align: justify;\">\u00ab\u2018El fin justifica los medios\u2019 para el gobierno que pretende consolidar una toma pol\u00edtica y econ\u00f3mica en el momento que el MAS es ahora un partido fraccionado, que ha generado un gobierno debilitado y confrontado intestinamente, carente de pol\u00edticas econ\u00f3micas, de reactivaci\u00f3n y sin visi\u00f3n de futuro\u00bb reforz\u00f3.<\/p>\n<p style=\"text-align: justify;\">En las \u00faltimas semanas se han registrado tomas violentas en propiedades privadas como el centro tur\u00edstico Kim y en la misma ciudad. Los protagonistas fueron identificados como sectores afines al MAS.<\/p>\n<p style=\"text-align: justify;\">Tambi\u00e9n se han registrado enfrentamientos que han dejado heridos de gravedad, entre ellos un periodista que realizaba la cobertura de los hechos.<\/p>\n<p style=\"text-align: justify;\">El ministro de Gobierno, Eduardo Del Castillo, anunci\u00f3 que se trasldar\u00e1 personalmente a la ciudad de Santa Cruz para asumir acciones contra los avasallamientos y se realizar\u00e1n operativos con la Polic\u00eda.<\/p>\n<p style=\"text-align: justify;\">Las tomas de tierra en esa regi\u00f3n ocurren despu\u00e9s de que finaliz\u00f3 el paro c\u00edvico indefinido en Santa Cruz en demanda de que el censo nacional de poblaci\u00f3n y vivienda se realice en 2023.<\/p>\n<p style=\"text-align: justify;\">Despu\u00e9s de la presi\u00f3n, el Gobierno determin\u00f3 realizar el censo en marzo de 2024 y aplicar los resultados del estudio en septiembre del mismo a\u00f1o.<\/p>\n<p style=\"text-align: justify;\">Para la senadora Rek, el gobierno de Luis Arce Catacora \u00aben vez de reflotar al pa\u00eds ha optado por un ataque sistem\u00e1tico que pasa incluso por el extremo de la violencia con grupos irregulares que invaden espacios p\u00fablicos y privados y que se constituyen en un ej\u00e9rcito miliciano a las \u00f3rdenes de su partido\u00bb.<\/p>\n<p style=\"text-align: justify;\">La legisladora denuncia las denuncias de que los avasalladores son \u00abacarreados y motivados por la repartici\u00f3n de tierras como bot\u00edn y est\u00e1n dispuestos a poner en zozobra a la sociedad civil usando el ataque incluso armado\u00bb.<\/p>\n<p style=\"text-align: justify;\">\u00abLos avasalladores interculturales han mostrado ya de lo que son capaces en las Londras (zona de expansi\u00f3n soyera a lo largo del r\u00edo Pailas del municipio El Puente); ataque que se ha visto replicado e intensificado en el departamento de Santa Cruz en los \u00faltimos d\u00edas (desde que inici\u00f3 el paro c\u00edvico por el Censo como excusa), situaci\u00f3n en la que en varias regiones del departamento, en especial en la provincia Guarayos y zonas periurbanas de Santa Cruz de la Sierra (como en Las Lomas de Arena, zona de recarga de acu\u00edferos de la ciudad), donde avasalladores llegados del occidente del pa\u00eds toman tierras violentamente por fuerza de las armas (escopetas, dinamitas, palos y piedras), sembrando terror y destrucci\u00f3n, bajo la mirada c\u00f3mplice de las fuerzas del orden, Polic\u00eda y Ministerio P\u00fablico, sometidas al poder del gobierno\u00bb, denuncia.<\/p>\n<p style=\"text-align: justify;\">El MAS tiene el objetivo primordial de desestabilizar la convivencia pac\u00edfica, paralizar la incesante econom\u00eda y la institucionalidad en la poblaci\u00f3n del departamento de Santa Cruz en especial y como polo de desarrollo activo de Bolivia en su conjunto. Su objetivo es convertir a Santa Cruz en una zona ruinosa e inhabitable pac\u00edficamente, paralizada por el miedo y por el terror; fundamentalmente, paralizarla como la locomotora econ\u00f3mica de Bolivia, remata en su art\u00edculo. (Br\u00fajula Digital)<\/p>\n","protected":false},"excerpt":{"rendered":"<p>La senadora CentaRek (Creemos) denunci\u00f3 que el MAS est\u00e1 instalando \u00abguerrillas urbanas\u00bb en Santa Cruz como una estrategia de poder para impulsar avasallamiento de tierras y especialmente espacios p\u00fablicos. \u00abComo estrategia de poder el presidente Arce Catacora y el MAS han diagramado una pol\u00edtica agresiva con focos de guerrilla urbana, una verdadera guerra de baja [&hellip;]<\/p>\n","protected":false},"author":4,"featured_media":39642,"comment_status":"open","ping_status":"open","sticky":false,"template":"","format":"standard","meta":{"footnotes":""},"categories":[49],"tags":[],"class_list":{"0":"post-39641","1":"post","2":"type-post","3":"status-publish","4":"format-standard","5":"has-post-thumbnail","7":"category-social"},"_links":{"self":[{"href":"https:\/\/jms.com.bo\/mediamonitor\/wp-json\/wp\/v2\/posts\/39641","targetHints":{"allow":["GET"]}}],"collection":[{"href":"https:\/\/jms.com.bo\/mediamonitor\/wp-json\/wp\/v2\/posts"}],"about":[{"href":"https:\/\/jms.com.bo\/mediamonitor\/wp-json\/wp\/v2\/types\/post"}],"author":[{"embeddable":true,"href":"https:\/\/jms.com.bo\/mediamonitor\/wp-json\/wp\/v2\/users\/4"}],"replies":[{"embeddable":true,"href":"https:\/\/jms.com.bo\/mediamonitor\/wp-json\/wp\/v2\/comments?post=39641"}],"version-history":[{"count":0,"href":"https:\/\/jms.com.bo\/mediamonitor\/wp-json\/wp\/v2\/posts\/39641\/revisions"}],"wp:featuredmedia":[{"embeddable":true,"href":"https:\/\/jms.com.bo\/mediamonitor\/wp-json\/wp\/v2\/media\/39642"}],"wp:attachment":[{"href":"https:\/\/jms.com.bo\/mediamonitor\/wp-json\/wp\/v2\/media?parent=39641"}],"wp:term":[{"taxonomy":"category","embeddable":true,"href":"https:\/\/jms.com.bo\/mediamonitor\/wp-json\/wp\/v2\/categories?post=39641"},{"taxonomy":"post_tag","embeddable":true,"href":"https:\/\/jms.com.bo\/mediamonitor\/wp-json\/wp\/v2\/tags?post=39641"}],"curies":[{"name":"wp","href":"https:\/\/api.w.org\/{rel}","templated":true}]}}