{"id":39949,"date":"2022-12-19T06:07:20","date_gmt":"2022-12-19T10:07:20","guid":{"rendered":"https:\/\/jms.com.bo\/mediamonitor\/2022\/12\/19\/suben-los-avasallamientos-y-el-gobierno-dice-que-algunos-grupos-no-producen-la-tierra\/"},"modified":"2022-12-19T06:07:20","modified_gmt":"2022-12-19T10:07:20","slug":"suben-los-avasallamientos-y-el-gobierno-dice-que-algunos-grupos-no-producen-la-tierra","status":"publish","type":"post","link":"https:\/\/jms.com.bo\/mediamonitor\/2022\/12\/19\/suben-los-avasallamientos-y-el-gobierno-dice-que-algunos-grupos-no-producen-la-tierra\/","title":{"rendered":"Suben los avasallamientos y el Gobierno dice que algunos grupos no producen la tierra"},"content":{"rendered":"<p style=\"text-align: justify;\">Los avasallamientos subieron de 208 a 237 en el pa\u00eds; solo en Santa Cruz suman 104. El ministro de Desarrollo Rural y Tierras, Remmy Gonz\u00e1les, asegur\u00f3 que el Gobierno encara una lucha frontal contra los avasalladores, quienes en algunos casos no se dedicar\u00edan a la producci\u00f3n de la tierras. Sin embargo, tampoco precis\u00f3 a qu\u00e9 actividad o il\u00edcito se estar\u00edan enfocando estas personas que ya fueron encontradas en posesi\u00f3n de armas de fuego y otros elementos.<\/p>\n<p style=\"text-align: justify;\">\u201cNosotros nos estamos apegando a la ley para que ninguno de estos predios liberados vuelva a ser avasallado por gente que no tiene nada que ver, incluso, con lo que significa la producci\u00f3n de las tierras\u201d, advirti\u00f3 la autoridad de Estado.<\/p>\n<p style=\"text-align: justify;\">La anterior semana, el exministro de Gobierno Carlos Romero vincul\u00f3 la toma ilegal de tierras con el narcotr\u00e1fico, tr\u00e1fico de madera y de minerales. Incluso dijo que Bolivia va rumbo a la \u201ccolombianizaci\u00f3n\u201d por la supuesta presencia de c\u00e1rteles dedicados al tr\u00e1fico de droga.<\/p>\n<p style=\"text-align: justify;\">El ministro de Gobierno, Carlos Eduardo Del Castillo, no respondi\u00f3 a las declaraciones de Romero y solo descart\u00f3 la presencia de c\u00e1rteles en el pa\u00eds. Sobre los avasallamientos, afirm\u00f3 que recibi\u00f3 instrucciones del presidente Luis Arce para derrotar a los \u201cclanes u organizaciones\u201d dedicadas al tr\u00e1fico de tierras.<\/p>\n<p style=\"text-align: justify;\">\u201cHemos recibido una instrucci\u00f3n precisa y clara de nuestro presidente. Nos ha pedido luchar de manera frontal en contra de aquellos clanes u organizaciones dedicadas al tr\u00e1fico de tierras o avasallamiento dentro del territorio nacional. Hemos realizado cinco operativos exitosos en contra de estos grupos organizados que est\u00e1n teniendo de manera irregular predios que no les pertenecen\u201d, manifest\u00f3.<\/p>\n<p style=\"text-align: justify;\">Del Castillo es una de las autoridades que constantemente es criticada por el MAS y exautoridades que lo acusan de proteger el narcotr\u00e1fico. Ayer dedic\u00f3 su tiempo a destacar la labor antidroga durante su gesti\u00f3n y asegur\u00f3 que se mejor\u00f3 en el 5% ese trabajo, con relaci\u00f3n al a\u00f1o pasado. Adem\u00e1s, compar\u00f3 su mandato con otras gestiones, incluidas a las pasadas cuando Evo Morales era jefe de Estado.<\/p>\n<p style=\"text-align: justify;\">\u201cSi hacemos un balance de la gesti\u00f3n 2022 en la lucha contra el narcotr\u00e1fico, hemos logrado superar en m\u00e1s de un 5% la de 2021. Si la comparamos con la gesti\u00f3n de Arturo Murillo en incautaci\u00f3n de pasta base y clorhidrato de coca\u00edna, hemos superado en m\u00e1s del 23%. Si la comparamos con la gesti\u00f3n 2017, 2018 y 2019, la hemos superado entre un 12% y un 23%. Esta es la mejor (gesti\u00f3n) en materia de narcotr\u00e1fico\u201d, recalc\u00f3.<\/p>\n<p style=\"text-align: justify;\">Toma de tierras en cifras<\/p>\n<p style=\"text-align: justify;\">El conflicto por tierras regres\u00f3 al debate por la toma ilegal del predio de la familia Kim y los reclamos de inacci\u00f3n del Gobierno y la Polic\u00eda en la ocupaci\u00f3n de predios productivos en Guarayos. Seg\u00fan el \u00faltimo informe del Instituto Nacional de Reforma Agraria (INRA), hay 237 avasallamientos en el pa\u00eds, que est\u00e1n divididos en Santa Cruz, con 104 tomas ilegales de tierras; Beni 58; Pando 31; Cochabamba 17; La Paz 3; Oruro 5; Chuquisaca 7; Potos\u00ed 4 y Tarija 8.<\/p>\n<p style=\"text-align: justify;\">Los n\u00fameros difieren del registro del Ministerio de Desarrollo Rural Tierras que contabiliz\u00f3 223 tomas de predios. Incluso, Del Castillo dijo que hay 230 denuncias. Las tres autoridades dieron sus estad\u00edsticas ayer lo que devela una posible falta de coordinaci\u00f3n de las tres dependencias.<\/p>\n<p style=\"text-align: justify;\">El caso m\u00e1s preocupante es Santa Cruz donde hay 104 denuncias. Solo 17 ser\u00edan competencia del Gobierno central, de las cuales cinco ya fueron recuperadas. Las tierras liberadas corresponden a los predios de la Familia Kim, tierras de la Comunidad Uruguaito, La Frontera, R\u00edo Grande y Tajibo.<\/p>\n<p style=\"text-align: justify;\">En los cinco operativos se movilizaron cerca de 900 efectivos policiales y resultados 16 personas detenidas en c\u00e1rceles y dos fueron beneficiadas con detenci\u00f3n domiciliaria.<\/p>\n<p style=\"text-align: justify;\">Los operativos, despu\u00e9s de Santa Cruz, continuar\u00e1n en Cochabamba, La Paz, Beni y Pando, donde tambi\u00e9n existen denuncias. Los avasalladores pueden ser sentenciados de tres a ocho a\u00f1os. A estas personas el Gobierno no puede dotarle tierras en 10 a\u00f1os.<\/p>\n<p style=\"text-align: justify;\">Dos nuevos escollos<\/p>\n<p style=\"text-align: justify;\">El INRA aclar\u00f3 que cuando las tierras cuentan con t\u00edtulo pasan a la jurisdicci\u00f3n de los jueces agroambientales. Sin embargo, el propio ministro Gonzales admiti\u00f3 que existe \u201cchicaner\u00eda\u201d en estos casos.<\/p>\n<p style=\"text-align: justify;\">Eulogio N\u00fa\u00f1ez, director del INRA, aclar\u00f3 que la instituci\u00f3n a su cargo tiene competencia para intervenir en los avasallamientos de predios en proceso de saneamiento y tierras fiscales disponibles.<\/p>\n<p style=\"text-align: justify;\">\u201cEn esos dos casos el INRA s\u00ed es competente y suman 237. El INRA no es competente cuando las tierras son tituladas. El propietario debe presentar el t\u00edtulo y registros de Derechos Reales y llegar ante el juez agroambiental\u201d, explic\u00f3.<\/p>\n<p style=\"text-align: justify;\">Agreg\u00f3 que en el caso de tierras tituladas habr\u00e1 que consultar a los jueces agroambientales cu\u00e1ntas denuncias hay sobre este delito y cu\u00e1ntas se resolvieron.<\/p>\n<p style=\"text-align: justify;\">\u201cLos otros desalojos est\u00e1n en camino, en proceso de cumplir toda la normativa respectiva, papeleos tr\u00e1mites ante las instancias que corresponde porque otras veces hemos hecho desalojos y lamentablemente en los tribunales correspondientes la chicaner\u00eda es contundente y en este caso no nos van a sorprender y ahora estos predios tienen documentaci\u00f3n respectiva\u201d, dijo el ministro de Desarrollo Rural.<\/p>\n<p style=\"text-align: justify;\">La otra traba para resolver este conflicto tambi\u00e9n tiene que ver con las competencias, esta vez, del nivel central y la Gobernaci\u00f3n. N\u00fa\u00f1ez afirm\u00f3 que la convocatoria de la Comisi\u00f3n Agraria hecha por el gobernador Luis Fernando Camacho, por mandato del cabildo en Guarayos, es \u201cilegal\u201d, aunque no present\u00f3 otra alternativa de resoluci\u00f3n de las protestas contra los avasallamientos.<\/p>\n<p style=\"text-align: justify;\">Seg\u00fan el funcionario, la competencia de titulaci\u00f3n, administraci\u00f3n y catastro rural qued\u00f3 como una competencia privativa del INRA por mandato constitucional de 2021 que perdi\u00f3 Camacho y, \u201cpor ning\u00fan motivo, se puede delegar esta labor a los gobiernos subnacionales\u201d.<\/p>\n<p style=\"text-align: justify;\">\u200b<\/p>\n","protected":false},"excerpt":{"rendered":"<p>Los avasallamientos subieron de 208 a 237 en el pa\u00eds; solo en Santa Cruz suman 104. El ministro de Desarrollo Rural y Tierras, Remmy Gonz\u00e1les, asegur\u00f3 que el Gobierno encara una lucha frontal contra los avasalladores, quienes en algunos casos no se dedicar\u00edan a la producci\u00f3n de la tierras. Sin embargo, tampoco precis\u00f3 a qu\u00e9 [&hellip;]<\/p>\n","protected":false},"author":4,"featured_media":39950,"comment_status":"open","ping_status":"open","sticky":false,"template":"","format":"standard","meta":{"footnotes":""},"categories":[49],"tags":[],"class_list":{"0":"post-39949","1":"post","2":"type-post","3":"status-publish","4":"format-standard","5":"has-post-thumbnail","7":"category-social"},"_links":{"self":[{"href":"https:\/\/jms.com.bo\/mediamonitor\/wp-json\/wp\/v2\/posts\/39949","targetHints":{"allow":["GET"]}}],"collection":[{"href":"https:\/\/jms.com.bo\/mediamonitor\/wp-json\/wp\/v2\/posts"}],"about":[{"href":"https:\/\/jms.com.bo\/mediamonitor\/wp-json\/wp\/v2\/types\/post"}],"author":[{"embeddable":true,"href":"https:\/\/jms.com.bo\/mediamonitor\/wp-json\/wp\/v2\/users\/4"}],"replies":[{"embeddable":true,"href":"https:\/\/jms.com.bo\/mediamonitor\/wp-json\/wp\/v2\/comments?post=39949"}],"version-history":[{"count":0,"href":"https:\/\/jms.com.bo\/mediamonitor\/wp-json\/wp\/v2\/posts\/39949\/revisions"}],"wp:featuredmedia":[{"embeddable":true,"href":"https:\/\/jms.com.bo\/mediamonitor\/wp-json\/wp\/v2\/media\/39950"}],"wp:attachment":[{"href":"https:\/\/jms.com.bo\/mediamonitor\/wp-json\/wp\/v2\/media?parent=39949"}],"wp:term":[{"taxonomy":"category","embeddable":true,"href":"https:\/\/jms.com.bo\/mediamonitor\/wp-json\/wp\/v2\/categories?post=39949"},{"taxonomy":"post_tag","embeddable":true,"href":"https:\/\/jms.com.bo\/mediamonitor\/wp-json\/wp\/v2\/tags?post=39949"}],"curies":[{"name":"wp","href":"https:\/\/api.w.org\/{rel}","templated":true}]}}