{"id":39954,"date":"2022-12-19T06:10:15","date_gmt":"2022-12-19T10:10:15","guid":{"rendered":"https:\/\/jms.com.bo\/mediamonitor\/2022\/12\/19\/plataforma-sama-fuente-de-vida-busca-conservar-el-agua-para-tarija\/"},"modified":"2022-12-19T06:10:15","modified_gmt":"2022-12-19T10:10:15","slug":"plataforma-sama-fuente-de-vida-busca-conservar-el-agua-para-tarija","status":"publish","type":"post","link":"https:\/\/jms.com.bo\/mediamonitor\/2022\/12\/19\/plataforma-sama-fuente-de-vida-busca-conservar-el-agua-para-tarija\/","title":{"rendered":"Plataforma \u201cSama Fuente de Vida\u201d busca conservar el agua para Tarija"},"content":{"rendered":"<p style=\"text-align: justify;\">\u201cSama Fuente de Vida\u201d es una plataforma de Apoyo a la Gesti\u00f3n Sostenible de la Reserva Biol\u00f3gica Cordillera de Sama que busca conservar y mejorar las fuentes de agua para las pr\u00f3ximas d\u00e9cadas y que es promovida por una serie de actores p\u00fablicos, privados, empresas y ciudadanos de Tarija.<\/p>\n<p style=\"text-align: justify;\">La iniciativa no ser\u00eda posible sin la gesti\u00f3n del Sernap, a trav\u00e9s de la direcci\u00f3n de la Reserva de Sama y su Comit\u00e9 de Gesti\u00f3n; la Fundaci\u00f3n para el Desarrollo del Sistema Nacional de \u00c1reas Protegidas (Fundesnap) y Protecci\u00f3n del Medio Ambiente Tarija (Prometa) con la cooperaci\u00f3n de la Embajada Suiza en Bolivia, destaca Ren\u00e1n Donaire, presidente del Comit\u00e9 de Gesti\u00f3n de la Reserva de Sama.<\/p>\n<p style=\"text-align: justify;\">Donaire tambi\u00e9n resalta la importancia del apoyo que brindan a la Plataforma instituciones como \u00abBodegas y Vi\u00f1edos La Caba\u00f1a, Kohlberg\u201d, \u201cBodegas Aranjuez\u201d, y \u201cCurtiembre San Lorenzo\u201d, que ayudan con combustible para el cuerpo de protecci\u00f3n, botines e indumentaria para guardaparques, con campa\u00f1as de concientizaci\u00f3n de cuidado del flamenco rosado y se\u00f1al\u00e9ticas para zonas de conservaci\u00f3n de la reserva, entre otras gestiones.<\/p>\n<p style=\"text-align: justify;\">Advierten escases de agua para las futuras generaciones<\/p>\n<p style=\"text-align: justify;\">Expertos en el tema advierten que, sin las medidas oportunas de conservaci\u00f3n y generaci\u00f3n de nuevas fuentes de agua, las futuras generaciones presentar\u00e1n serios problemas de escasez del recurso natural indispensable, para el que no hay sustituto.<\/p>\n<p style=\"text-align: justify;\">Como se sabe, la Cordillera de Sama tiene gran importancia de lo que es el d\u00eda a d\u00eda de la sociedad civil, es por eso que \u201cpensando en tener la seguridad h\u00eddrica para las pr\u00f3ximas d\u00e9cadas\u201d se decide crear en Tarija la plataforma Sama Fuente de Vida.<\/p>\n<p style=\"text-align: justify;\">Con medio mill\u00f3n de habitantes en Tarija (seg\u00fan las proyecciones para el 2022-2025) y con una sequ\u00eda similar a la registrada este a\u00f1o, el agua no alcanzar\u00eda \u201cpara nada\u201d, dice Donaire.<\/p>\n<p style=\"text-align: justify;\">\u201cHoy en d\u00eda tenemos el agua justa y necesaria y con la sequ\u00eda que hemos tenido nos ha faltado en San Jacinto para la generaci\u00f3n de energ\u00eda el\u00e9ctrica, nos ha faltado para regar los vi\u00f1edos y toda la producci\u00f3n de Cercado, ha faltado en la parte de Canasmoro, en Sella, en Carachimato, en El Rancho, en Tarija Cancha, en San Lorenzo, en Erquiz, en la zona de la Victoria, en la zona de Tolomosa, lo que nunca le ha faltado agua de consumo a Pinos, a Bella Vista, a Sola \u2013 la zona de Camacho tuvo agua, pero en menor cantidad\u201d, lament\u00f3.<\/p>\n<p style=\"text-align: justify;\">Adem\u00e1s, se tiene que la dotaci\u00f3n de agua de la principal fuente que existe en la ciudad de Tarija, ubicada en el Rinc\u00f3n de La Victoria, este a\u00f1o \u201ccomo nunca\u201d ha llegado a 100 litros segundo, cuando en \u00e9pocas de estiaje de gestiones pasadas se llegaba a 170 y 180 litros segundo.<\/p>\n<p style=\"text-align: justify;\">\u201cEl \u00faltimo dato que se tiene es que ha llegado 137 litros segundo como lo m\u00e1s bajo pero esta vez (con 100 l\/s) ha pasado todos los l\u00edmites\u201d, dijo Presidente del Comit\u00e9 de Gesti\u00f3n de la Reserva de Sama.<\/p>\n<p style=\"text-align: justify;\">Como dice un spot televisivo de PlusTLT, \u201cSama es el aire que respiramos, es el plato de comida en nuestra mesa, es nuestra copa de vino, nuestra pascua florida, la Fiesta Grande de Tarija y nuestro Carnaval Chapaco\u201d, Sama en definitiva es nuestra fuente de vida que debemos cuidar.<\/p>\n<p style=\"text-align: justify;\">La Reserva Biol\u00f3gica de la Cordillera de Sama o la Cordillera de Sama se encuentra ubicada en la regi\u00f3n oeste de Tarija en las provincias M\u00e9ndez y Avil\u00e9s. Los municipios involucrados son Yunchar\u00e1, El Puente y en la Provincia Cercado. Fisiogr\u00e1ficamente ocupa la regi\u00f3n de la cordillera oriental sur (Cordillera de Sama), caracteriz\u00e1ndose por su topograf\u00eda de abruptas pendientes, mesetas y lagunas altoandinas<\/p>\n<p style=\"text-align: justify;\">Un documento elaborado para Tarija, en 2021, en el marco de la Conferencia de las Naciones Unidas sobre el Cambio Clim\u00e1tico, COP26, estim\u00f3 un incremento gradual en el nivel de riesgo, con un aumento en la amenaza de escasez de recursos h\u00eddricos en las cuencas La Vitoria, Erquiz y Tolomosa, como tambi\u00e9n del embalse San Jacinto y el proyecto CENAVIT-Calamuchita, situaci\u00f3n por la que ya se ha atravesado en la presente gesti\u00f3n.<\/p>\n","protected":false},"excerpt":{"rendered":"<p>\u201cSama Fuente de Vida\u201d es una plataforma de Apoyo a la Gesti\u00f3n Sostenible de la Reserva Biol\u00f3gica Cordillera de Sama que busca conservar y mejorar las fuentes de agua para las pr\u00f3ximas d\u00e9cadas y que es promovida por una serie de actores p\u00fablicos, privados, empresas y ciudadanos de Tarija. La iniciativa no ser\u00eda posible sin [&hellip;]<\/p>\n","protected":false},"author":4,"featured_media":39955,"comment_status":"open","ping_status":"open","sticky":false,"template":"","format":"standard","meta":{"footnotes":""},"categories":[20],"tags":[],"class_list":{"0":"post-39954","1":"post","2":"type-post","3":"status-publish","4":"format-standard","5":"has-post-thumbnail","7":"category-actualidad"},"_links":{"self":[{"href":"https:\/\/jms.com.bo\/mediamonitor\/wp-json\/wp\/v2\/posts\/39954","targetHints":{"allow":["GET"]}}],"collection":[{"href":"https:\/\/jms.com.bo\/mediamonitor\/wp-json\/wp\/v2\/posts"}],"about":[{"href":"https:\/\/jms.com.bo\/mediamonitor\/wp-json\/wp\/v2\/types\/post"}],"author":[{"embeddable":true,"href":"https:\/\/jms.com.bo\/mediamonitor\/wp-json\/wp\/v2\/users\/4"}],"replies":[{"embeddable":true,"href":"https:\/\/jms.com.bo\/mediamonitor\/wp-json\/wp\/v2\/comments?post=39954"}],"version-history":[{"count":0,"href":"https:\/\/jms.com.bo\/mediamonitor\/wp-json\/wp\/v2\/posts\/39954\/revisions"}],"wp:featuredmedia":[{"embeddable":true,"href":"https:\/\/jms.com.bo\/mediamonitor\/wp-json\/wp\/v2\/media\/39955"}],"wp:attachment":[{"href":"https:\/\/jms.com.bo\/mediamonitor\/wp-json\/wp\/v2\/media?parent=39954"}],"wp:term":[{"taxonomy":"category","embeddable":true,"href":"https:\/\/jms.com.bo\/mediamonitor\/wp-json\/wp\/v2\/categories?post=39954"},{"taxonomy":"post_tag","embeddable":true,"href":"https:\/\/jms.com.bo\/mediamonitor\/wp-json\/wp\/v2\/tags?post=39954"}],"curies":[{"name":"wp","href":"https:\/\/api.w.org\/{rel}","templated":true}]}}