{"id":39958,"date":"2022-12-19T06:13:57","date_gmt":"2022-12-19T10:13:57","guid":{"rendered":"https:\/\/jms.com.bo\/mediamonitor\/2022\/12\/19\/el-presidente-arce-llama-a-las-ffaa-a-defender-la-soberania-ante-elites-antipatria\/"},"modified":"2022-12-19T06:13:57","modified_gmt":"2022-12-19T10:13:57","slug":"el-presidente-arce-llama-a-las-ffaa-a-defender-la-soberania-ante-elites-antipatria","status":"publish","type":"post","link":"https:\/\/jms.com.bo\/mediamonitor\/2022\/12\/19\/el-presidente-arce-llama-a-las-ffaa-a-defender-la-soberania-ante-elites-antipatria\/","title":{"rendered":"El presidente Arce llama a las FFAA a defender la soberan\u00eda ante \u2018\u00e9lites antipatria\u2019"},"content":{"rendered":"<p style=\"text-align: justify;\">El presidente Luis Arce llam\u00f3 nuevamente a las Fuerzas Armadas a defender la soberan\u00eda del Estado ante \u201c\u00e9lites antipatria\u201d.<\/p>\n<p style=\"text-align: justify;\">Durante el acto de egreso de 248 nuevos oficiales, el mandatario record\u00f3 \u201cel compromiso, patriotismo y valor\u201d de personajes militares hist\u00f3ricos.<\/p>\n<p style=\"text-align: justify;\">Arce advirti\u00f3 que esas \u201c\u00e9lites reproducen los peores vicios de sus antecesoras como el racismo o la idea de que puedan sacrificar la integridad de su pa\u00eds.<\/p>\n<p style=\"text-align: justify;\">Arce, claramente, aludi\u00f3 a los miembros del Comit\u00e9 Interinstitucional de Santa Cruz, que lideraron el paro de 36 d\u00edas en Santa Cruz exigiendo que el Censo de Poblaci\u00f3n y Vivienda se realice en 2023.<\/p>\n<p style=\"text-align: justify;\">Pero finalmente, luego de trasladar el debate a la Asamblea Legislativa, aceptaron el empadronamiento en marzo de 2024.<\/p>\n<p style=\"text-align: justify;\">Tambi\u00e9n aceptaron de la entrega de resultados para la distribuci\u00f3n de recursos y esca\u00f1os a partir de septiembre de ese a\u00f1o.<\/p>\n<p style=\"text-align: justify;\">En tanto, el Comit\u00e9 pro Santa Cruz abri\u00f3 el debate sobre la revisi\u00f3n de la relaci\u00f3n pol\u00edtica de esa regi\u00f3n y el Estado boliviano.<\/p>\n<p style=\"text-align: justify;\">Esa noci\u00f3n ful planteada en el cabildo del 13 de noviembre, en esa capital.<\/p>\n<p style=\"text-align: justify;\">\u201cPorque el Gobierno no quiere a Santa Cruz\u201d, fue la premisa.<\/p>\n<p style=\"text-align: justify;\">El gobierno de Arce<\/p>\n<p style=\"text-align: justify;\">Por su parte, el Gobierno calific\u00f3 de un intento de separatismo por parte de esa dirigencia.<\/p>\n<p style=\"text-align: justify;\">\u201cEs el momento en que ustedes se constituyan en la patria uniformada, la patria cuya plurinacionalidad nos enorgullece, a diferencia de ciertas \u00e9lites que se sienten superiores por el color de su piel o por sus apellidos extranjeros\u201d, reflexion\u00f3 Arce a los nuevos uniformados.<\/p>\n<p style=\"text-align: justify;\">Desde el conflicto en Santa Cruz por el Censo, el Gobierno advirti\u00f3 que \u201clas logias olig\u00e1rquicas\u201d buscan desestabilizar a su gobierno.<\/p>\n<p style=\"text-align: justify;\">Adem\u00e1s, los acus\u00f3 de buscar \u201cseparatismo\u201d en diferentes niveles.<\/p>\n","protected":false},"excerpt":{"rendered":"<p>El presidente Luis Arce llam\u00f3 nuevamente a las Fuerzas Armadas a defender la soberan\u00eda del Estado ante \u201c\u00e9lites antipatria\u201d. Durante el acto de egreso de 248 nuevos oficiales, el mandatario record\u00f3 \u201cel compromiso, patriotismo y valor\u201d de personajes militares hist\u00f3ricos. Arce advirti\u00f3 que esas \u201c\u00e9lites reproducen los peores vicios de sus antecesoras como el racismo [&hellip;]<\/p>\n","protected":false},"author":4,"featured_media":39959,"comment_status":"open","ping_status":"open","sticky":false,"template":"","format":"standard","meta":{"footnotes":""},"categories":[18],"tags":[],"class_list":{"0":"post-39958","1":"post","2":"type-post","3":"status-publish","4":"format-standard","5":"has-post-thumbnail","7":"category-politica"},"_links":{"self":[{"href":"https:\/\/jms.com.bo\/mediamonitor\/wp-json\/wp\/v2\/posts\/39958","targetHints":{"allow":["GET"]}}],"collection":[{"href":"https:\/\/jms.com.bo\/mediamonitor\/wp-json\/wp\/v2\/posts"}],"about":[{"href":"https:\/\/jms.com.bo\/mediamonitor\/wp-json\/wp\/v2\/types\/post"}],"author":[{"embeddable":true,"href":"https:\/\/jms.com.bo\/mediamonitor\/wp-json\/wp\/v2\/users\/4"}],"replies":[{"embeddable":true,"href":"https:\/\/jms.com.bo\/mediamonitor\/wp-json\/wp\/v2\/comments?post=39958"}],"version-history":[{"count":0,"href":"https:\/\/jms.com.bo\/mediamonitor\/wp-json\/wp\/v2\/posts\/39958\/revisions"}],"wp:featuredmedia":[{"embeddable":true,"href":"https:\/\/jms.com.bo\/mediamonitor\/wp-json\/wp\/v2\/media\/39959"}],"wp:attachment":[{"href":"https:\/\/jms.com.bo\/mediamonitor\/wp-json\/wp\/v2\/media?parent=39958"}],"wp:term":[{"taxonomy":"category","embeddable":true,"href":"https:\/\/jms.com.bo\/mediamonitor\/wp-json\/wp\/v2\/categories?post=39958"},{"taxonomy":"post_tag","embeddable":true,"href":"https:\/\/jms.com.bo\/mediamonitor\/wp-json\/wp\/v2\/tags?post=39958"}],"curies":[{"name":"wp","href":"https:\/\/api.w.org\/{rel}","templated":true}]}}