{"id":40071,"date":"2022-12-20T07:22:36","date_gmt":"2022-12-20T11:22:36","guid":{"rendered":"https:\/\/jms.com.bo\/mediamonitor\/2022\/12\/20\/mas-de-60-familias-de-apana-acceden-al-servicio-de-energia-electrica\/"},"modified":"2022-12-20T07:22:36","modified_gmt":"2022-12-20T11:22:36","slug":"mas-de-60-familias-de-apana-acceden-al-servicio-de-energia-electrica","status":"publish","type":"post","link":"https:\/\/jms.com.bo\/mediamonitor\/2022\/12\/20\/mas-de-60-familias-de-apana-acceden-al-servicio-de-energia-electrica\/","title":{"rendered":"M\u00e1s de 60 familias de Apa\u00f1a acceden al servicio de energ\u00eda el\u00e9ctrica"},"content":{"rendered":"<p style=\"text-align: justify;\">M\u00e1s de 60 familias de la Urbanizaci\u00f3n Panorama de Apa\u00f1a, en La Paz, accedieron al suministro de energ\u00eda el\u00e9ctrica, gracias al proyecto de ampliaci\u00f3n de la red de energ\u00eda de ENDE Corporaci\u00f3n.<\/p>\n<p style=\"text-align: justify;\">El proyecto fue ejecutado por la empresa distribuidora de electricidad DELAPAZ y contempla la instalaci\u00f3n de 10 postes de Media Tensi\u00f3n, 14 postes de Baja Tensi\u00f3n, 733 metros de cable de Media Tensi\u00f3n, 395 metros de cable de Baja Tensi\u00f3n y 1 transformador de 50 Kv.<\/p>\n<p style=\"text-align: justify;\">Vecinos de la urbanizaci\u00f3n celebraron la llegada de este servicio b\u00e1sico, que les permitir\u00e1 mejorar sus condiciones de vida, adem\u00e1s de iniciar emprendimientos econ\u00f3micos.<\/p>\n<p style=\"text-align: justify;\">Willy Quilla, vecinos del lugar expres\u00f3, \u201cantes era muy complicado vivir por aqu\u00ed, yo llevo 12 a\u00f1os viviendo en esta zona y solo pod\u00edamos acceder a la energ\u00eda prest\u00e1ndonos desde la urbanizaci\u00f3n vecina, pero la energ\u00eda era limitada y para pocos hermanos\u201d,<\/p>\n<p style=\"text-align: justify;\">Agradeci\u00f3 al presidente Luis Arce por el proyecto, que beneficia a las familias humildes.<\/p>\n<p style=\"text-align: justify;\">A trav\u00e9s de la ampliaci\u00f3n de la cobertura el\u00e9ctrica, el Gobierno nacional y ENDE Corporaci\u00f3n garantizan el acceso universal a la electricidad, mejorando el nivel de vida de la poblaci\u00f3n, la salud, la educaci\u00f3n y otros servicios, refiere un reporte institucional.<\/p>\n","protected":false},"excerpt":{"rendered":"<p>M\u00e1s de 60 familias de la Urbanizaci\u00f3n Panorama de Apa\u00f1a, en La Paz, accedieron al suministro de energ\u00eda el\u00e9ctrica, gracias al proyecto de ampliaci\u00f3n de la red de energ\u00eda de ENDE Corporaci\u00f3n. El proyecto fue ejecutado por la empresa distribuidora de electricidad DELAPAZ y contempla la instalaci\u00f3n de 10 postes de Media Tensi\u00f3n, 14 postes [&hellip;]<\/p>\n","protected":false},"author":4,"featured_media":40072,"comment_status":"open","ping_status":"open","sticky":false,"template":"","format":"standard","meta":{"footnotes":""},"categories":[39],"tags":[],"class_list":{"0":"post-40071","1":"post","2":"type-post","3":"status-publish","4":"format-standard","5":"has-post-thumbnail","7":"category-energia"},"_links":{"self":[{"href":"https:\/\/jms.com.bo\/mediamonitor\/wp-json\/wp\/v2\/posts\/40071","targetHints":{"allow":["GET"]}}],"collection":[{"href":"https:\/\/jms.com.bo\/mediamonitor\/wp-json\/wp\/v2\/posts"}],"about":[{"href":"https:\/\/jms.com.bo\/mediamonitor\/wp-json\/wp\/v2\/types\/post"}],"author":[{"embeddable":true,"href":"https:\/\/jms.com.bo\/mediamonitor\/wp-json\/wp\/v2\/users\/4"}],"replies":[{"embeddable":true,"href":"https:\/\/jms.com.bo\/mediamonitor\/wp-json\/wp\/v2\/comments?post=40071"}],"version-history":[{"count":0,"href":"https:\/\/jms.com.bo\/mediamonitor\/wp-json\/wp\/v2\/posts\/40071\/revisions"}],"wp:featuredmedia":[{"embeddable":true,"href":"https:\/\/jms.com.bo\/mediamonitor\/wp-json\/wp\/v2\/media\/40072"}],"wp:attachment":[{"href":"https:\/\/jms.com.bo\/mediamonitor\/wp-json\/wp\/v2\/media?parent=40071"}],"wp:term":[{"taxonomy":"category","embeddable":true,"href":"https:\/\/jms.com.bo\/mediamonitor\/wp-json\/wp\/v2\/categories?post=40071"},{"taxonomy":"post_tag","embeddable":true,"href":"https:\/\/jms.com.bo\/mediamonitor\/wp-json\/wp\/v2\/tags?post=40071"}],"curies":[{"name":"wp","href":"https:\/\/api.w.org\/{rel}","templated":true}]}}