{"id":40129,"date":"2022-12-21T06:20:41","date_gmt":"2022-12-21T10:20:41","guid":{"rendered":"https:\/\/jms.com.bo\/mediamonitor\/2022\/12\/21\/coqueluche-es-mas-contagioso-que-el-covid-19-dice-el-secretario-de-salud-de-la-gobernacion\/"},"modified":"2022-12-21T06:20:41","modified_gmt":"2022-12-21T10:20:41","slug":"coqueluche-es-mas-contagioso-que-el-covid-19-dice-el-secretario-de-salud-de-la-gobernacion","status":"publish","type":"post","link":"https:\/\/jms.com.bo\/mediamonitor\/2022\/12\/21\/coqueluche-es-mas-contagioso-que-el-covid-19-dice-el-secretario-de-salud-de-la-gobernacion\/","title":{"rendered":"Coqueluche es m\u00e1s contagioso que el Covid-19, dice el secretario de salud de la Gobernaci\u00f3n"},"content":{"rendered":"<p style=\"text-align: justify;\">Un menor de un a\u00f1o que se encuentra internado por un cuadro grave de neumon\u00eda debido al coqueluche o tos ferina, es uno de los siete pacientes internados por la enfermedad, que de acuerdo al secretario de Desarrollo Humano y Salud, Edil Toledo, es m\u00e1s contagiosa que el Covid-19, por lo que pide a los padres llevar a sus hijos a vacunar.<\/p>\n<p style=\"text-align: justify;\">De acuerdo a la autoridad, hay una desaceleraci\u00f3n en los casos de coqueluche o tos ferina en el departamento, actualmente hay 144 pacientes. Para evitar mayores contagios, Toledo indic\u00f3 que se cuenta con las vacunas en todos los 63 centros de salud del \u00e1rea urbana y 90 en el \u00e1rea rural.<\/p>\n<p style=\"text-align: justify;\">Asimismo, aclar\u00f3 que se han registrado m\u00e1s de 8 casos de adultos portadores de esta patolog\u00eda, sin dejar de mencionar que la complicaci\u00f3n m\u00e1s grave se da en menores de cinco a\u00f1os, siendo la neumon\u00eda el problema principal.<\/p>\n<p style=\"text-align: justify;\">\n","protected":false},"excerpt":{"rendered":"<p>Un menor de un a\u00f1o que se encuentra internado por un cuadro grave de neumon\u00eda debido al coqueluche o tos ferina, es uno de los siete pacientes internados por la enfermedad, que de acuerdo al secretario de Desarrollo Humano y Salud, Edil Toledo, es m\u00e1s contagiosa que el Covid-19, por lo que pide a los [&hellip;]<\/p>\n","protected":false},"author":4,"featured_media":40130,"comment_status":"open","ping_status":"open","sticky":false,"template":"","format":"standard","meta":{"footnotes":""},"categories":[53],"tags":[],"class_list":{"0":"post-40129","1":"post","2":"type-post","3":"status-publish","4":"format-standard","5":"has-post-thumbnail","7":"category-salud"},"_links":{"self":[{"href":"https:\/\/jms.com.bo\/mediamonitor\/wp-json\/wp\/v2\/posts\/40129","targetHints":{"allow":["GET"]}}],"collection":[{"href":"https:\/\/jms.com.bo\/mediamonitor\/wp-json\/wp\/v2\/posts"}],"about":[{"href":"https:\/\/jms.com.bo\/mediamonitor\/wp-json\/wp\/v2\/types\/post"}],"author":[{"embeddable":true,"href":"https:\/\/jms.com.bo\/mediamonitor\/wp-json\/wp\/v2\/users\/4"}],"replies":[{"embeddable":true,"href":"https:\/\/jms.com.bo\/mediamonitor\/wp-json\/wp\/v2\/comments?post=40129"}],"version-history":[{"count":0,"href":"https:\/\/jms.com.bo\/mediamonitor\/wp-json\/wp\/v2\/posts\/40129\/revisions"}],"wp:featuredmedia":[{"embeddable":true,"href":"https:\/\/jms.com.bo\/mediamonitor\/wp-json\/wp\/v2\/media\/40130"}],"wp:attachment":[{"href":"https:\/\/jms.com.bo\/mediamonitor\/wp-json\/wp\/v2\/media?parent=40129"}],"wp:term":[{"taxonomy":"category","embeddable":true,"href":"https:\/\/jms.com.bo\/mediamonitor\/wp-json\/wp\/v2\/categories?post=40129"},{"taxonomy":"post_tag","embeddable":true,"href":"https:\/\/jms.com.bo\/mediamonitor\/wp-json\/wp\/v2\/tags?post=40129"}],"curies":[{"name":"wp","href":"https:\/\/api.w.org\/{rel}","templated":true}]}}