{"id":40131,"date":"2022-12-21T06:22:35","date_gmt":"2022-12-21T10:22:35","guid":{"rendered":"https:\/\/jms.com.bo\/mediamonitor\/2022\/12\/21\/bolivia-registra-2-797-casos-covid-y-3-decesos\/"},"modified":"2022-12-21T06:22:35","modified_gmt":"2022-12-21T10:22:35","slug":"bolivia-registra-2-797-casos-covid-y-3-decesos","status":"publish","type":"post","link":"https:\/\/jms.com.bo\/mediamonitor\/2022\/12\/21\/bolivia-registra-2-797-casos-covid-y-3-decesos\/","title":{"rendered":"Bolivia registra 2.797 casos covid y 3 decesos"},"content":{"rendered":"<p style=\"text-align: justify;\">En plena sexta ola del coronavirus y a d\u00edas de las fiestas de fin de a\u00f1o, el Ministerio de Salud detect\u00f3 ayer 2.797 casos positivos en Bolivia, adem\u00e1s de tres fallecidos en todo el pa\u00eds.<\/p>\n<p style=\"text-align: justify;\">En la jornada se recuperaron 865 pacientes. El detalle de los nuevos infectados es el siguiente: 1.890 positivos en Santa Cruz; 87 en Chuquisaca; 81 en Tarija; 17 en Potos\u00ed; 30 en Oruro; 373 en Cochabamba; 160 en La Paz, 79 en Pando; y 80 en Beni.<\/p>\n<p style=\"text-align: justify;\">El total de positivos en toda la pandemia es de 1.137.843 personas y los descartados llegan a 4.516.459 pacientes, mientras que el global de recuperados es de 1.086.884 pacientes.<\/p>\n<p style=\"text-align: justify;\">Ayer fallecieron tres personas y el global de muertos desde que apareci\u00f3 la pandemia en marzo de 2020 es de 22.274 y la letalidad es de 0,1%.<\/p>\n<p style=\"text-align: justify;\">En pleno ascenso de los casos covid-19, desde el Ministerio de Salud han recomendado a la poblaci\u00f3n utilizar las medidas de bioseguridad, entre ellas, el uso del barbijo, lavado de manos, evitar reuniones masivas, el uso del alcohol y mantener la distancia.<\/p>\n<p style=\"text-align: justify;\">En la \u00faltima reuni\u00f3n de los Servicios Departamentales de Salud, Cochabamba y Santa Cruz, se plante\u00f3 la exigencia del carnet de vacuna, pero la propuesta no tuvo eco.<\/p>\n<p style=\"text-align: justify;\">\n","protected":false},"excerpt":{"rendered":"<p>En plena sexta ola del coronavirus y a d\u00edas de las fiestas de fin de a\u00f1o, el Ministerio de Salud detect\u00f3 ayer 2.797 casos positivos en Bolivia, adem\u00e1s de tres fallecidos en todo el pa\u00eds. En la jornada se recuperaron 865 pacientes. El detalle de los nuevos infectados es el siguiente: 1.890 positivos en Santa [&hellip;]<\/p>\n","protected":false},"author":4,"featured_media":40035,"comment_status":"open","ping_status":"open","sticky":false,"template":"","format":"standard","meta":{"footnotes":""},"categories":[53],"tags":[],"class_list":{"0":"post-40131","1":"post","2":"type-post","3":"status-publish","4":"format-standard","5":"has-post-thumbnail","7":"category-salud"},"_links":{"self":[{"href":"https:\/\/jms.com.bo\/mediamonitor\/wp-json\/wp\/v2\/posts\/40131","targetHints":{"allow":["GET"]}}],"collection":[{"href":"https:\/\/jms.com.bo\/mediamonitor\/wp-json\/wp\/v2\/posts"}],"about":[{"href":"https:\/\/jms.com.bo\/mediamonitor\/wp-json\/wp\/v2\/types\/post"}],"author":[{"embeddable":true,"href":"https:\/\/jms.com.bo\/mediamonitor\/wp-json\/wp\/v2\/users\/4"}],"replies":[{"embeddable":true,"href":"https:\/\/jms.com.bo\/mediamonitor\/wp-json\/wp\/v2\/comments?post=40131"}],"version-history":[{"count":0,"href":"https:\/\/jms.com.bo\/mediamonitor\/wp-json\/wp\/v2\/posts\/40131\/revisions"}],"wp:featuredmedia":[{"embeddable":true,"href":"https:\/\/jms.com.bo\/mediamonitor\/wp-json\/wp\/v2\/media\/40035"}],"wp:attachment":[{"href":"https:\/\/jms.com.bo\/mediamonitor\/wp-json\/wp\/v2\/media?parent=40131"}],"wp:term":[{"taxonomy":"category","embeddable":true,"href":"https:\/\/jms.com.bo\/mediamonitor\/wp-json\/wp\/v2\/categories?post=40131"},{"taxonomy":"post_tag","embeddable":true,"href":"https:\/\/jms.com.bo\/mediamonitor\/wp-json\/wp\/v2\/tags?post=40131"}],"curies":[{"name":"wp","href":"https:\/\/api.w.org\/{rel}","templated":true}]}}