{"id":40134,"date":"2022-12-21T06:27:03","date_gmt":"2022-12-21T10:27:03","guid":{"rendered":"https:\/\/jms.com.bo\/mediamonitor\/2022\/12\/21\/el-gobierno-busca-mercados-externos-para-20-000-toneladas-de-cebolla\/"},"modified":"2022-12-21T06:27:03","modified_gmt":"2022-12-21T10:27:03","slug":"el-gobierno-busca-mercados-externos-para-20-000-toneladas-de-cebolla","status":"publish","type":"post","link":"https:\/\/jms.com.bo\/mediamonitor\/2022\/12\/21\/el-gobierno-busca-mercados-externos-para-20-000-toneladas-de-cebolla\/","title":{"rendered":"El Gobierno busca mercados externos para 20.000 toneladas de cebolla"},"content":{"rendered":"<p style=\"text-align: justify;\">La producci\u00f3n de cebolla logr\u00f3 un excedente de m\u00e1s de 20.000 toneladas, por lo que el Gobierno gestiona la apertura de mercados de exportaci\u00f3n, inform\u00f3 este martes el viceministro de Desarrollo Rural y Agropecuario, \u00c1lvaro Mollinedo.<\/p>\n<p style=\"text-align: justify;\">\u201cNo es necesario la importaci\u00f3n, no es necesario traer este producto de afuera, (\u2026) tenemos por dem\u00e1s, producimos m\u00e1s de 20.000 toneladas excedentes\u201d, explic\u00f3.<\/p>\n<p style=\"text-align: justify;\">El Ministerio de Desarrollo Rural coordina con el Viceministerio de Exportaciones y la Canciller\u00eda la apertura de mercados, como el de Paraguay, para la cebolla.<\/p>\n<p style=\"text-align: justify;\">Un emprendimiento boliviano ya exporta cebolla a Paraguay y se tiene gran aceptaci\u00f3n del producto.<\/p>\n<p style=\"text-align: justify;\">La cebolla se produce en los departamentos de Cochabamba, Chuquisaca, La Paz, Oruro, Potos\u00ed, Tarija y Santa Cruz. Se tiene diferentes variedades como la criolla, siba, san juanina, arequipe\u00f1a, morada, amarilla, blanca, entre otras.<\/p>\n<p style=\"text-align: justify;\">En 2021 se cultiv\u00f3 139.600 toneladas de cebolla y en 2022 la cifra lleg\u00f3 a 142.400 toneladas, seg\u00fan los datos del Ministerio de Desarrollo Rural y tierras.<\/p>\n<p style=\"text-align: justify;\">La cebolla nacional tiene un alto potencial de exportaci\u00f3n, porque es de producci\u00f3n org\u00e1nica y en el mundo se demanda alimentos sanos y frescos.<\/p>\n<p style=\"text-align: justify;\">Paralelamente y con la finalidad de reactivar la producci\u00f3n de la cebolla, el Ministerio de Desarrollo Rural y Tierras promociona el consumo de las diferentes variedades de cebolla boliviana.<\/p>\n<p style=\"text-align: justify;\">Mollinedo convoc\u00f3 tambi\u00e9n a los comercializadores a apoyar el producto boliviano para favorecer a los productores nacionales y la econom\u00eda del pa\u00eds.<\/p>\n","protected":false},"excerpt":{"rendered":"<p>La producci\u00f3n de cebolla logr\u00f3 un excedente de m\u00e1s de 20.000 toneladas, por lo que el Gobierno gestiona la apertura de mercados de exportaci\u00f3n, inform\u00f3 este martes el viceministro de Desarrollo Rural y Agropecuario, \u00c1lvaro Mollinedo. \u201cNo es necesario la importaci\u00f3n, no es necesario traer este producto de afuera, (\u2026) tenemos por dem\u00e1s, producimos m\u00e1s [&hellip;]<\/p>\n","protected":false},"author":4,"featured_media":40135,"comment_status":"open","ping_status":"open","sticky":false,"template":"","format":"standard","meta":{"footnotes":""},"categories":[52],"tags":[],"class_list":{"0":"post-40134","1":"post","2":"type-post","3":"status-publish","4":"format-standard","5":"has-post-thumbnail","7":"category-alimentos-agroindustria"},"_links":{"self":[{"href":"https:\/\/jms.com.bo\/mediamonitor\/wp-json\/wp\/v2\/posts\/40134","targetHints":{"allow":["GET"]}}],"collection":[{"href":"https:\/\/jms.com.bo\/mediamonitor\/wp-json\/wp\/v2\/posts"}],"about":[{"href":"https:\/\/jms.com.bo\/mediamonitor\/wp-json\/wp\/v2\/types\/post"}],"author":[{"embeddable":true,"href":"https:\/\/jms.com.bo\/mediamonitor\/wp-json\/wp\/v2\/users\/4"}],"replies":[{"embeddable":true,"href":"https:\/\/jms.com.bo\/mediamonitor\/wp-json\/wp\/v2\/comments?post=40134"}],"version-history":[{"count":0,"href":"https:\/\/jms.com.bo\/mediamonitor\/wp-json\/wp\/v2\/posts\/40134\/revisions"}],"wp:featuredmedia":[{"embeddable":true,"href":"https:\/\/jms.com.bo\/mediamonitor\/wp-json\/wp\/v2\/media\/40135"}],"wp:attachment":[{"href":"https:\/\/jms.com.bo\/mediamonitor\/wp-json\/wp\/v2\/media?parent=40134"}],"wp:term":[{"taxonomy":"category","embeddable":true,"href":"https:\/\/jms.com.bo\/mediamonitor\/wp-json\/wp\/v2\/categories?post=40134"},{"taxonomy":"post_tag","embeddable":true,"href":"https:\/\/jms.com.bo\/mediamonitor\/wp-json\/wp\/v2\/tags?post=40134"}],"curies":[{"name":"wp","href":"https:\/\/api.w.org\/{rel}","templated":true}]}}