{"id":40136,"date":"2022-12-21T06:28:22","date_gmt":"2022-12-21T10:28:22","guid":{"rendered":"https:\/\/jms.com.bo\/mediamonitor\/2022\/12\/21\/arce-inicia-la-construccion-de-un-complejo-industrial-para-derivados-de-camelidos-en-turco\/"},"modified":"2022-12-21T06:28:22","modified_gmt":"2022-12-21T10:28:22","slug":"arce-inicia-la-construccion-de-un-complejo-industrial-para-derivados-de-camelidos-en-turco","status":"publish","type":"post","link":"https:\/\/jms.com.bo\/mediamonitor\/2022\/12\/21\/arce-inicia-la-construccion-de-un-complejo-industrial-para-derivados-de-camelidos-en-turco\/","title":{"rendered":"Arce inicia la construcci\u00f3n de un complejo industrial para derivados de cam\u00e9lidos en Turco"},"content":{"rendered":"<p style=\"text-align: justify;\">El presidente Luis Arce inaugur\u00f3 este martes la construcci\u00f3n de un complejo de industrializaci\u00f3n de productos derivados de cam\u00e9lidos en Turco, en el departamento de Oruro.<\/p>\n<p style=\"text-align: justify;\">Con una inversi\u00f3n de Bs 73,4 millones, el proyecto contempla la instalaci\u00f3n de sendas plantas de industrializaci\u00f3n de carne, cuero y fibra de llama, potencial productivo de la zona.<\/p>\n<p style=\"text-align: justify;\">En su discurso de ocasi\u00f3n, Arce destac\u00f3 la capacidad productiva de Turco, seg\u00fan ley, Capital de la Ganader\u00eda Cam\u00e9lida de Bolivia.<\/p>\n<p style=\"text-align: justify;\">Cont\u00f3 que impuls\u00f3 la iniciativa gracias a su experiencia particular, cuando era ministro de Econom\u00eda, en una feria de cam\u00e9lidos, en la que vio c\u00f3mo los artesanos ofrec\u00edan productos derivados de cam\u00e9lidos, que, en su criterio, ameritaban ser industrializados.<\/p>\n<p style=\"text-align: justify;\">Ahora, como presidente, dijo que encarg\u00f3 el proyecto al ministro de Desarrollo Productivo, N\u00e9stor Huanca, y consider\u00f3 que Turco \u00abes apto\u00bb para la industria.<\/p>\n<p style=\"text-align: justify;\">Turco es el principal productor de ganado cam\u00e9lido. Cuenta con el primer matadero de primer nivel para ganado cam\u00e9lido del pa\u00eds, entregado en el \u00faltimo gobierno de Evo Morales.<\/p>\n<p style=\"text-align: justify;\">Proyectos<\/p>\n<p style=\"text-align: justify;\">Al agradecer el respaldo gubernamental, el alcalde Jon\u00e1s Mollo aprovech\u00f3 la ocasi\u00f3n para demandar del mandatario proyectos de agua para la ganader\u00eda, la construcci\u00f3n de un campo ferial y una casa municipal.<\/p>\n<p style=\"text-align: justify;\">Arce atendi\u00f3 el requerimiento y, con sorna, dijo que visitar\u00e1 la oficina municipal para ver si es \u00abalquilada\u00bb, como describi\u00f3 el Alcalde.<\/p>\n<p style=\"text-align: justify;\">Adem\u00e1s, encarg\u00f3 al gobernador de Oruro, Jhonny Vedia, impulsar proyectos de riego en la zona.<\/p>\n<p style=\"text-align: justify;\">El mallku de Marka, Gabriel Blanco, agradeci\u00f3 la visita de Arce, de quien destac\u00f3 su apertura a los proyectos locales, especialmente la casa municipal.<\/p>\n<p style=\"text-align: justify;\">El complejo estar\u00e1 instalado en la zona de T\u2019ika Uta, aleda\u00f1a a la capital Turco, contigua tambi\u00e9n al matadero.<\/p>\n<p style=\"text-align: justify;\">Participaron del acto autoridades locales y del Consejo Nacional de Markas y Ayllus del Qullasuyu (Conamaq), adem\u00e1s de alcaldes de municipios vecinos.<\/p>\n<p style=\"text-align: justify;\">Arce pudo bailar la tarqueada, m\u00fasica tradicional del municipio, con los sones de la Tarqueada Central Turco, conocido por sus constantes premios como la mejor exponente de las tradiciones del Jallupacha y Anata Andino, del Carnaval de Oruro.<\/p>\n","protected":false},"excerpt":{"rendered":"<p>El presidente Luis Arce inaugur\u00f3 este martes la construcci\u00f3n de un complejo de industrializaci\u00f3n de productos derivados de cam\u00e9lidos en Turco, en el departamento de Oruro. Con una inversi\u00f3n de Bs 73,4 millones, el proyecto contempla la instalaci\u00f3n de sendas plantas de industrializaci\u00f3n de carne, cuero y fibra de llama, potencial productivo de la zona. [&hellip;]<\/p>\n","protected":false},"author":4,"featured_media":40137,"comment_status":"open","ping_status":"open","sticky":false,"template":"","format":"standard","meta":{"footnotes":""},"categories":[52],"tags":[],"class_list":{"0":"post-40136","1":"post","2":"type-post","3":"status-publish","4":"format-standard","5":"has-post-thumbnail","7":"category-alimentos-agroindustria"},"_links":{"self":[{"href":"https:\/\/jms.com.bo\/mediamonitor\/wp-json\/wp\/v2\/posts\/40136","targetHints":{"allow":["GET"]}}],"collection":[{"href":"https:\/\/jms.com.bo\/mediamonitor\/wp-json\/wp\/v2\/posts"}],"about":[{"href":"https:\/\/jms.com.bo\/mediamonitor\/wp-json\/wp\/v2\/types\/post"}],"author":[{"embeddable":true,"href":"https:\/\/jms.com.bo\/mediamonitor\/wp-json\/wp\/v2\/users\/4"}],"replies":[{"embeddable":true,"href":"https:\/\/jms.com.bo\/mediamonitor\/wp-json\/wp\/v2\/comments?post=40136"}],"version-history":[{"count":0,"href":"https:\/\/jms.com.bo\/mediamonitor\/wp-json\/wp\/v2\/posts\/40136\/revisions"}],"wp:featuredmedia":[{"embeddable":true,"href":"https:\/\/jms.com.bo\/mediamonitor\/wp-json\/wp\/v2\/media\/40137"}],"wp:attachment":[{"href":"https:\/\/jms.com.bo\/mediamonitor\/wp-json\/wp\/v2\/media?parent=40136"}],"wp:term":[{"taxonomy":"category","embeddable":true,"href":"https:\/\/jms.com.bo\/mediamonitor\/wp-json\/wp\/v2\/categories?post=40136"},{"taxonomy":"post_tag","embeddable":true,"href":"https:\/\/jms.com.bo\/mediamonitor\/wp-json\/wp\/v2\/tags?post=40136"}],"curies":[{"name":"wp","href":"https:\/\/api.w.org\/{rel}","templated":true}]}}