{"id":40138,"date":"2022-12-21T06:29:37","date_gmt":"2022-12-21T10:29:37","guid":{"rendered":"https:\/\/jms.com.bo\/mediamonitor\/2022\/12\/21\/cancilleria-pide-a-transportistas-retornar-al-pais\/"},"modified":"2022-12-21T06:29:37","modified_gmt":"2022-12-21T10:29:37","slug":"cancilleria-pide-a-transportistas-retornar-al-pais","status":"publish","type":"post","link":"https:\/\/jms.com.bo\/mediamonitor\/2022\/12\/21\/cancilleria-pide-a-transportistas-retornar-al-pais\/","title":{"rendered":"Canciller\u00eda pide a transportistas retornar al pa\u00eds"},"content":{"rendered":"<p style=\"text-align: justify;\">La Canciller\u00eda pidi\u00f3 ayer a los transportistas que est\u00e1n detenidos en la frontera con Per\u00fa, retornar al pa\u00eds. Hizo esta solicitud luego de conocer la situaci\u00f3n del Centro Binacional de Atenci\u00f3n en Frontera (Cebaf) Desaguadero que suspendi\u00f3 sus operaciones ante la amenaza de grupos que cercaron el complejo.<\/p>\n<p style=\"text-align: justify;\">\u201cLo que nos informaron es que, en el Cebaf, lo que es Aduana y Migraci\u00f3n, no est\u00e1n prestando atenci\u00f3n. Por eso no se puede pasar con camiones de carga. Mientras la situaci\u00f3n no mejore, recomendamos a nuestros transportistas no transitar al lado del Per\u00fa\u201d, sugiri\u00f3 el viceministro de Comercio Externo e Integraci\u00f3n, Benjam\u00edn Blanco, durante una entrevista con Bolivia Tv.<\/p>\n<p style=\"text-align: justify;\">Adem\u00e1s, im\u00e1genes de medios peruanos mostraron una gran concentraci\u00f3n de manifestantes en las afueras del complejo binacional.<\/p>\n<p style=\"text-align: justify;\">Dijo que se est\u00e1 \u201chaciendo una congesti\u00f3n de manera innecesaria en el lado de Desaguadero dado que no ser\u00e1 posible pasar mientras no se abra el Cebaf\u201d.<\/p>\n<p style=\"text-align: justify;\">De acuerdo con el viceministro, por ese paso fronterizo sale el 14% de las exportaciones nacionales; sin embargo, la crisis social por la que atraviesa esa naci\u00f3n, desde el 7 de diciembre, est\u00e1 afectando el comercio nacional.<\/p>\n<p style=\"text-align: justify;\">Resultado de las gestiones del Gobierno, el fin de semana se permiti\u00f3 el retorno al pa\u00eds de 70 camiones con carga y 169 unidades sin carga.<\/p>\n<p style=\"text-align: justify;\">\u201cTodav\u00eda tenemos al menos unas 200 unidades de transportes que est\u00e1n con carga en el lado peruano que no pueden retornar al pa\u00eds y ten\u00edamos hasta ayer alrededor de 500 unidades, pero del lado boliviano, que est\u00e1n esperando que mejore la situaci\u00f3n para pasar al lado peruano\u201d, asegur\u00f3 Blanco.<\/p>\n<p style=\"text-align: justify;\">\n","protected":false},"excerpt":{"rendered":"<p>La Canciller\u00eda pidi\u00f3 ayer a los transportistas que est\u00e1n detenidos en la frontera con Per\u00fa, retornar al pa\u00eds. Hizo esta solicitud luego de conocer la situaci\u00f3n del Centro Binacional de Atenci\u00f3n en Frontera (Cebaf) Desaguadero que suspendi\u00f3 sus operaciones ante la amenaza de grupos que cercaron el complejo. \u201cLo que nos informaron es que, en [&hellip;]<\/p>\n","protected":false},"author":4,"featured_media":40139,"comment_status":"open","ping_status":"open","sticky":false,"template":"","format":"standard","meta":{"footnotes":""},"categories":[49],"tags":[],"class_list":{"0":"post-40138","1":"post","2":"type-post","3":"status-publish","4":"format-standard","5":"has-post-thumbnail","7":"category-social"},"_links":{"self":[{"href":"https:\/\/jms.com.bo\/mediamonitor\/wp-json\/wp\/v2\/posts\/40138","targetHints":{"allow":["GET"]}}],"collection":[{"href":"https:\/\/jms.com.bo\/mediamonitor\/wp-json\/wp\/v2\/posts"}],"about":[{"href":"https:\/\/jms.com.bo\/mediamonitor\/wp-json\/wp\/v2\/types\/post"}],"author":[{"embeddable":true,"href":"https:\/\/jms.com.bo\/mediamonitor\/wp-json\/wp\/v2\/users\/4"}],"replies":[{"embeddable":true,"href":"https:\/\/jms.com.bo\/mediamonitor\/wp-json\/wp\/v2\/comments?post=40138"}],"version-history":[{"count":0,"href":"https:\/\/jms.com.bo\/mediamonitor\/wp-json\/wp\/v2\/posts\/40138\/revisions"}],"wp:featuredmedia":[{"embeddable":true,"href":"https:\/\/jms.com.bo\/mediamonitor\/wp-json\/wp\/v2\/media\/40139"}],"wp:attachment":[{"href":"https:\/\/jms.com.bo\/mediamonitor\/wp-json\/wp\/v2\/media?parent=40138"}],"wp:term":[{"taxonomy":"category","embeddable":true,"href":"https:\/\/jms.com.bo\/mediamonitor\/wp-json\/wp\/v2\/categories?post=40138"},{"taxonomy":"post_tag","embeddable":true,"href":"https:\/\/jms.com.bo\/mediamonitor\/wp-json\/wp\/v2\/tags?post=40138"}],"curies":[{"name":"wp","href":"https:\/\/api.w.org\/{rel}","templated":true}]}}