{"id":40140,"date":"2022-12-21T06:30:59","date_gmt":"2022-12-21T10:30:59","guid":{"rendered":"https:\/\/jms.com.bo\/mediamonitor\/2022\/12\/21\/dirigente-de-los-mananeros-pide-armas-para-ir-a-la-guerra-contra-instituciones-civicas-de-santa-cruz\/"},"modified":"2022-12-21T06:30:59","modified_gmt":"2022-12-21T10:30:59","slug":"dirigente-de-los-mananeros-pide-armas-para-ir-a-la-guerra-contra-instituciones-civicas-de-santa-cruz","status":"publish","type":"post","link":"https:\/\/jms.com.bo\/mediamonitor\/2022\/12\/21\/dirigente-de-los-mananeros-pide-armas-para-ir-a-la-guerra-contra-instituciones-civicas-de-santa-cruz\/","title":{"rendered":"Dirigente de los \u00abma\u00f1aneros\u00bb pide \u201carmas para ir a la guerra\u201d contra instituciones c\u00edvicas de Santa Cruz"},"content":{"rendered":"<p style=\"text-align: justify;\">Ren\u00e9 Troncoso, m\u00e1ximo dirigente de los comerciantes llamados \u201cma\u00f1aneros\u201d en Santa Cruz, aparece en un video en el que, durante un acto p\u00fablico, pide al ministro de Obras P\u00fablicas, \u00c9dgar Monta\u00f1o, \u201carmas para ir a la guerra\u201d contra instituciones que llevaron adelante el paro de 36 d\u00edas por el censo en esta regi\u00f3n del pa\u00eds.<\/p>\n<p style=\"text-align: justify;\">El dirigente gremial, que ahora se alej\u00f3 temporalmente de su cargo argumentando motivos de salud, critica que el comit\u00e9 interinstitucional y otras reparticiones hubieran salido fortalecidas de la protesta, mostrando su poder de movilizaci\u00f3n.<\/p>\n<p style=\"text-align: justify;\">\u201cHermano ministro, transm\u00edtale a nuestro presidente, la guerra reci\u00e9n empieza y tienen que darnos armas para ir a la guerra, porque sin armas no vamos a ir a la guerra. Tenemos que estar preparados, as\u00ed como ellos est\u00e1n preparados\u201d, sostuvo Troncoso.<\/p>\n<p style=\"text-align: justify;\">Sus declaraciones:<\/p>\n<p style=\"text-align: justify;\">Frente a eso, el concejal de Dem\u00f3cratas, Manuel \u00abMam\u00e9n\u00bb Saavedra, calific\u00f3 de mentiroso a Troncoso, porque afirma que est\u00e1 enfermo, pero asiste a actos pol\u00edticos para incitar a la violencia en la capital cruce\u00f1a.<\/p>\n<p style=\"text-align: justify;\">El legislador espera que la denuncia que present\u00f3 la semana pasada, por presuntos delitos de instigaci\u00f3n p\u00fablica a delinquir, apolog\u00eda p\u00fablica del delito y asociaci\u00f3n delictuosa, entre otros, sea admitida por el Ministerio P\u00fablico para sentar un precedente con personas -como Troncoso- que se creen que est\u00e1n por encima de la ley y de la justicia debido a sus padrinazgos pol\u00edticos.<\/p>\n<p style=\"text-align: justify;\">\u201cTroncoso dijo que estaba enfermo, pero horas despu\u00e9s se lo vio en un acto pol\u00edtico del MAS, de quienes lo protegen, llamando nuevamente a la violencia. Es un irresponsable por esas declaraciones, por avasallar \u00e1reas privadas, por invadir el espacio p\u00fablico, por incitar a la violencia y esperemos que la justicia act\u00fae, son cuatro denuncias que tiene en su contra\u201d, dijo el concejal Saavedra.<\/p>\n","protected":false},"excerpt":{"rendered":"<p>Ren\u00e9 Troncoso, m\u00e1ximo dirigente de los comerciantes llamados \u201cma\u00f1aneros\u201d en Santa Cruz, aparece en un video en el que, durante un acto p\u00fablico, pide al ministro de Obras P\u00fablicas, \u00c9dgar Monta\u00f1o, \u201carmas para ir a la guerra\u201d contra instituciones que llevaron adelante el paro de 36 d\u00edas por el censo en esta regi\u00f3n del pa\u00eds. [&hellip;]<\/p>\n","protected":false},"author":4,"featured_media":40141,"comment_status":"open","ping_status":"open","sticky":false,"template":"","format":"standard","meta":{"footnotes":""},"categories":[49],"tags":[],"class_list":{"0":"post-40140","1":"post","2":"type-post","3":"status-publish","4":"format-standard","5":"has-post-thumbnail","7":"category-social"},"_links":{"self":[{"href":"https:\/\/jms.com.bo\/mediamonitor\/wp-json\/wp\/v2\/posts\/40140","targetHints":{"allow":["GET"]}}],"collection":[{"href":"https:\/\/jms.com.bo\/mediamonitor\/wp-json\/wp\/v2\/posts"}],"about":[{"href":"https:\/\/jms.com.bo\/mediamonitor\/wp-json\/wp\/v2\/types\/post"}],"author":[{"embeddable":true,"href":"https:\/\/jms.com.bo\/mediamonitor\/wp-json\/wp\/v2\/users\/4"}],"replies":[{"embeddable":true,"href":"https:\/\/jms.com.bo\/mediamonitor\/wp-json\/wp\/v2\/comments?post=40140"}],"version-history":[{"count":0,"href":"https:\/\/jms.com.bo\/mediamonitor\/wp-json\/wp\/v2\/posts\/40140\/revisions"}],"wp:featuredmedia":[{"embeddable":true,"href":"https:\/\/jms.com.bo\/mediamonitor\/wp-json\/wp\/v2\/media\/40141"}],"wp:attachment":[{"href":"https:\/\/jms.com.bo\/mediamonitor\/wp-json\/wp\/v2\/media?parent=40140"}],"wp:term":[{"taxonomy":"category","embeddable":true,"href":"https:\/\/jms.com.bo\/mediamonitor\/wp-json\/wp\/v2\/categories?post=40140"},{"taxonomy":"post_tag","embeddable":true,"href":"https:\/\/jms.com.bo\/mediamonitor\/wp-json\/wp\/v2\/tags?post=40140"}],"curies":[{"name":"wp","href":"https:\/\/api.w.org\/{rel}","templated":true}]}}