{"id":40142,"date":"2022-12-21T06:32:27","date_gmt":"2022-12-21T10:32:27","guid":{"rendered":"https:\/\/jms.com.bo\/mediamonitor\/2022\/12\/21\/tierras-gobierno-deja-solos-a-los-duenos-de-predios-avasallados-en-su-busqueda-de-justicia\/"},"modified":"2022-12-21T06:32:27","modified_gmt":"2022-12-21T10:32:27","slug":"tierras-gobierno-deja-solos-a-los-duenos-de-predios-avasallados-en-su-busqueda-de-justicia","status":"publish","type":"post","link":"https:\/\/jms.com.bo\/mediamonitor\/2022\/12\/21\/tierras-gobierno-deja-solos-a-los-duenos-de-predios-avasallados-en-su-busqueda-de-justicia\/","title":{"rendered":"Tierras: Gobierno deja solos a los due\u00f1os de predios avasallados en su b\u00fasqueda de justicia"},"content":{"rendered":"<p style=\"text-align: justify;\">\nLos propietarios que sufrieron el avasallamiento de sus tierras deben iniciar por su cuenta procesos judiciales contra los responsables por las afectaciones a sus predios, inform\u00f3 el Gobierno, que precis\u00f3 que cumple con el desalojo de los asentamientos ilegales.<\/p>\n<p style=\"text-align: justify;\">\u201cEn los predios que son particulares, privados, como el de la familia Kim, nosotros como Estado ya hemos hecho el trabajo que nos permite la norma, sacar a los avasalladores, pero ya es el propietario el que tiene que estar en los estrados judiciales por la afectaci\u00f3n que se le hizo\u201d, dijo ayer a EL DEBER Radio el ministro de Desarrollo Rural y Tierras, Remmy Gonzales.<\/p>\n<p style=\"text-align: justify;\">\u201cVamos a coadyuvar, demostrar que \u00e9l (el afectado) es el propietario, a pasar toda la informaci\u00f3n que sea necesaria, pero es el due\u00f1o el que tiene que incidir en que se haga justicia en los estrados correspondientes, porque ya tienen el t\u00edtulo. Si el Estado defendiera t\u00edtulos ajenos nunca acabar\u00edamos, porque al final de cuentas por eso se les da el derecho propietario a trav\u00e9s del t\u00edtulo\u201d, reiter\u00f3.<\/p>\n<p style=\"text-align: justify;\">\u201cEs una pena esas declaraciones, porque ellos (el Gobierno) son los que tiene que defender a los propietarios\u201d, lament\u00f3 Emma Aponte, dirigente c\u00edvica de Guarayos, provincia con m\u00e1s casos de tomas de tierras en Santa Cruz.<\/p>\n<p style=\"text-align: justify;\">En 2013, el Gobierno promulg\u00f3 la Ley 477 Contra el Avasallamiento y Tr\u00e1fico de Tierras, que tiene por finalidad precautelar el derecho propietario, el inter\u00e9s p\u00fablico, la soberan\u00eda y seguridad alimentaria, la capacidad de uso mayor y evitar los asentamientos irregulares de poblaciones.<\/p>\n<p style=\"text-align: justify;\">La norma autoriza la intervenci\u00f3n policial para el desalojo de ocupantes ilegales, establece penas de entre tres y ocho a\u00f1os de c\u00e1rcel para el avasallamiento y define como agravantes de ese delito el que se consume en \u201c\u00e1reas productivas urbanas o rurales, zonas de recarga h\u00eddrica, servidumbres ecol\u00f3gicas, franjas de seguridad y otras \u00e1reas con protecci\u00f3n legal\u201d.<\/p>\n<p style=\"text-align: justify;\">Propietarios de predios avasallados que pidieron la reserva de sus nombres consideraron que el Gobierno debe ser parte en los procesos que inician en el \u00e1mbito penal por la toma de sus tierras.<\/p>\n<p style=\"text-align: justify;\">Adem\u00e1s de la vulneraci\u00f3n al derecho propietario, la destrucci\u00f3n de bienes y la violencia ejercida contra los ocupantes legales, estos il\u00edcitos tienen un impacto negativo sobre la producci\u00f3n agr\u00edcola y pecuaria, y sobre los recursos forestales y acu\u00edferos de inter\u00e9s p\u00fablico, entre otros, que poseen estas tierras. Por lo tanto, coincidieron en que estas acciones ilegales atentan contra la seguridad alimentaria, contra el abastecimiento de agua para la poblaci\u00f3n e incluso contra la salud p\u00fablica.<\/p>\n<p style=\"text-align: justify;\">\u201cLa Constituci\u00f3n dice que se garantiza el derecho propietario y el Gobierno deber\u00eda ayudar a los due\u00f1os de tierras privadas que son para ganado y agricultura\u201d en los procesos penales, dijo Aponte.<\/p>\n<p style=\"text-align: justify;\">La Ley 477 establece que en los delitos de avasallamiento y tr\u00e1fico de tierras cometidos contra bienes de patrimonio del Estado, bienes de dominio p\u00fablico o tierras fiscales, corresponde al Ministerio P\u00fablico promover la acci\u00f3n penal, pero no menciona los pasos penales a seguir en caso de privados.<\/p>\n<p style=\"text-align: justify;\">El Ministro de Desarrollo Rural admiti\u00f3 que pueden haber m\u00e1s casos de avasallamientos a los 237 reportados hasta la fecha ya que muchos propietarios no los denunciaron o \u201cse cansaron\u201d de intentar el desalojo.<\/p>\n<p style=\"text-align: justify;\">Acercamientos<\/p>\n<p style=\"text-align: justify;\">El 13 de diciembre, la directiva de la C\u00e1mara Agropecuaria del Oriente (CAO) sostuvo una reuni\u00f3n con el ministro de Gobierno, Eduardo del Castillo, el viceministro de R\u00e9gimen Interior y Polic\u00eda, Ismael T\u00e9llez, y representantes del Ministerio P\u00fablico y de la Polic\u00eda. Fruto del encuentro, acordarontrabajar un plan de acci\u00f3n para intervenir en predios privados tomados por avasalladores.<\/p>\n<p style=\"text-align: justify;\">\u201cDestacamos que el Gobierno hubiese iniciado el proceso de desalojo de los avasalladores que ingresaron ilegalmente a tierras productivas y esperamos que dicho proceso contin\u00fae para dar se\u00f1ales claras al sector productivo de que se brindar\u00e1 seguridad jur\u00eddica a las tierras que producen alimentos\u201d, afirm\u00f3 el gerente general de Anapo, Jaime Hern\u00e1ndez.<\/p>\n<p style=\"text-align: justify;\">\u201cEn el caso de las propiedades privadas tituladas, estamos seguros que los propietarios continuar\u00e1n las acciones legales ante la Justicia, para que los avasalladores reciban la sanci\u00f3n penal que corresponda\u201d, acot\u00f3.<\/p>\n","protected":false},"excerpt":{"rendered":"<p>Los propietarios que sufrieron el avasallamiento de sus tierras deben iniciar por su cuenta procesos judiciales contra los responsables por las afectaciones a sus predios, inform\u00f3 el Gobierno, que precis\u00f3 que cumple con el desalojo de los asentamientos ilegales. \u201cEn los predios que son particulares, privados, como el de la familia Kim, nosotros como Estado [&hellip;]<\/p>\n","protected":false},"author":4,"featured_media":40143,"comment_status":"open","ping_status":"open","sticky":false,"template":"","format":"standard","meta":{"footnotes":""},"categories":[49],"tags":[],"class_list":{"0":"post-40142","1":"post","2":"type-post","3":"status-publish","4":"format-standard","5":"has-post-thumbnail","7":"category-social"},"_links":{"self":[{"href":"https:\/\/jms.com.bo\/mediamonitor\/wp-json\/wp\/v2\/posts\/40142","targetHints":{"allow":["GET"]}}],"collection":[{"href":"https:\/\/jms.com.bo\/mediamonitor\/wp-json\/wp\/v2\/posts"}],"about":[{"href":"https:\/\/jms.com.bo\/mediamonitor\/wp-json\/wp\/v2\/types\/post"}],"author":[{"embeddable":true,"href":"https:\/\/jms.com.bo\/mediamonitor\/wp-json\/wp\/v2\/users\/4"}],"replies":[{"embeddable":true,"href":"https:\/\/jms.com.bo\/mediamonitor\/wp-json\/wp\/v2\/comments?post=40142"}],"version-history":[{"count":0,"href":"https:\/\/jms.com.bo\/mediamonitor\/wp-json\/wp\/v2\/posts\/40142\/revisions"}],"wp:featuredmedia":[{"embeddable":true,"href":"https:\/\/jms.com.bo\/mediamonitor\/wp-json\/wp\/v2\/media\/40143"}],"wp:attachment":[{"href":"https:\/\/jms.com.bo\/mediamonitor\/wp-json\/wp\/v2\/media?parent=40142"}],"wp:term":[{"taxonomy":"category","embeddable":true,"href":"https:\/\/jms.com.bo\/mediamonitor\/wp-json\/wp\/v2\/categories?post=40142"},{"taxonomy":"post_tag","embeddable":true,"href":"https:\/\/jms.com.bo\/mediamonitor\/wp-json\/wp\/v2\/tags?post=40142"}],"curies":[{"name":"wp","href":"https:\/\/api.w.org\/{rel}","templated":true}]}}