{"id":40148,"date":"2022-12-21T06:37:25","date_gmt":"2022-12-21T10:37:25","guid":{"rendered":"https:\/\/jms.com.bo\/mediamonitor\/2022\/12\/21\/nos-estan-contaminando-con-mercurio-y-destruyendo-nuestros-cultivos-denuncia-dirigente-indigena\/"},"modified":"2022-12-21T06:37:25","modified_gmt":"2022-12-21T10:37:25","slug":"nos-estan-contaminando-con-mercurio-y-destruyendo-nuestros-cultivos-denuncia-dirigente-indigena","status":"publish","type":"post","link":"https:\/\/jms.com.bo\/mediamonitor\/2022\/12\/21\/nos-estan-contaminando-con-mercurio-y-destruyendo-nuestros-cultivos-denuncia-dirigente-indigena\/","title":{"rendered":"\u201cNos est\u00e1n contaminando con mercurio y destruyendo nuestros cultivos\u201d, denuncia dirigente ind\u00edgena"},"content":{"rendered":"<p style=\"text-align: justify;\">La detenci\u00f3n de 13 personas acusadas de realizar explotaci\u00f3n minera ilegal sobre la cuenca del r\u00edo Madre de Dios, es una se\u00f1al de que las cosas puedan cambiar en la amazonia boliviana. \u201cParece que se ha hecho justicia\u201d, dice Jorge Chamaro, secretario de tierra y territorio de la Central Ind\u00edgena de la Regi\u00f3n Amaz\u00f3nica de Bolivia (Cirabo).<\/p>\n<p style=\"text-align: justify;\">El dirigente se\u00f1al\u00f3 que son ocho comunidades ind\u00edgenas afectadas por la miner\u00eda ilegal que se desarrolla en toda la cuenca de este r\u00edo, ubicado en la amazonia boliviana. Record\u00f3 que desde el 2006 los ind\u00edgenas habitan sobre este afluente.<\/p>\n<p style=\"text-align: justify;\">Adem\u00e1s, dijo que hasta la fecha la Cirabo detect\u00f3 285 barcazas o balsas que operan extrayendo oro sobre toda la cuenca del r\u00edo. De esta cantidad, solo 14 son legales.<\/p>\n<p style=\"text-align: justify;\">\u201cHe recorrido todo el rio y hemos visto balsas ilegales. Hicimos una investigaci\u00f3n, hab\u00eda 285 balsas y de las cuadriculas que est\u00e1n dentro de su concesi\u00f3n, solo 14 era legales. Despu\u00e9s las otras estaban fuera\u201d, dijo Chamaro.<\/p>\n<p style=\"text-align: justify;\">El problema no es nuevo, asegura el dirigente. Las penurias empezaron en 2006 con la llegada de varias concesiones que comenzaron a buscar oro.<\/p>\n<p style=\"text-align: justify;\">\u201cDesde esa \u00e9poca hemos hechos denuncias y acuerdos con ellos, pero no se han cumplido. Ahora de a poco se est\u00e1 haciendo justicia. Es la primera vez que viene una comisi\u00f3n a nivel nacional y se lleva presos a estas personas que estaban en tierra fiscal\u201d, sostuvo el dirigente.<\/p>\n<p style=\"text-align: justify;\">Denunci\u00f3 que son tres las concesiones que hay sobre la cuenca de este r\u00edo que empiezan desde localidad de Loreto, Genechiqu\u00eda y Miraflores, pero que los mineros \u201cse salen de su cuadricula, se suben y se bajan, y cuando uno reclama, ellos los atropellan\u201d.<\/p>\n<p style=\"text-align: justify;\">Tambi\u00e9n denunci\u00f3 que existen ocho comunidades afectadas por la contaminaci\u00f3n con mercurio, elemento que es usada por los mineros para separar y extraer el oro de las rocas o piedras.<\/p>\n<p style=\"text-align: justify;\">\u201cLos comunarios son de los pueblos Ese Ejja, Tacana y Kabine\u00f1o. Pero tambi\u00e9n hay campesinos. La consecuencia es que nos estamos contaminando con mercurio y se est\u00e1n llevando los barrancos y la producci\u00f3n de c\u00edtricos. Hay muchos atropellos. Se sacan hasta la madera del territorio\u201d, denunci\u00f3.<\/p>\n<p style=\"text-align: justify;\">Lo peor, seg\u00fan el dirigente, es que este grupo de personas no deja ning\u00fan tipo de beneficio para esta regi\u00f3n. \u201cDonde pas\u00f3 el problema es una comunidad campesina, la Candelaria que est\u00e1 en el departamento de Pando, se los pill\u00f3 en tierra fiscales. Ellos no aportan ni dan ninguna regal\u00eda. No aportan ni a la Alcald\u00eda ni a la Gobernaci\u00f3n\u201d, dijo.<\/p>\n<p style=\"text-align: justify;\">Chamaro pidi\u00f3 a las autoridades tomar cartas en el asunto y regular la actividad minera.<\/p>\n<p style=\"text-align: justify;\">La anterior semana, personal de la Autoridad Jurisdiccional Administrativa Minera (AJAM) juntamente con la Polic\u00eda, llevaron a cabo un operativo en el r\u00edo Madre de Dios, en el departamento de Beni, donde procedieron a la aprehensi\u00f3n de 13 personas que realizaban actividades mineras de manera ilegal, en un \u00e1rea declarada como reserva fiscal.<\/p>\n<p style=\"text-align: justify;\">En ese operativo, los t\u00e9cnicos confirmaron la presencia de embarcaciones, entre ellas, dragas artesanales donde se encontraban personas realizando labores mineras, quienes al momento de ser consultadas no pudieron acreditar su derecho minero sobre el \u00e1rea ni demostrar autorizaciones para realizar trabajos de explotaci\u00f3n de recursos minerales.<\/p>\n","protected":false},"excerpt":{"rendered":"<p>La detenci\u00f3n de 13 personas acusadas de realizar explotaci\u00f3n minera ilegal sobre la cuenca del r\u00edo Madre de Dios, es una se\u00f1al de que las cosas puedan cambiar en la amazonia boliviana. \u201cParece que se ha hecho justicia\u201d, dice Jorge Chamaro, secretario de tierra y territorio de la Central Ind\u00edgena de la Regi\u00f3n Amaz\u00f3nica de [&hellip;]<\/p>\n","protected":false},"author":4,"featured_media":40149,"comment_status":"open","ping_status":"open","sticky":false,"template":"","format":"standard","meta":{"footnotes":""},"categories":[20,47,48],"tags":[],"class_list":{"0":"post-40148","1":"post","2":"type-post","3":"status-publish","4":"format-standard","5":"has-post-thumbnail","7":"category-actualidad","8":"category-portada-actualidad","9":"category-portada-general-sitio"},"_links":{"self":[{"href":"https:\/\/jms.com.bo\/mediamonitor\/wp-json\/wp\/v2\/posts\/40148","targetHints":{"allow":["GET"]}}],"collection":[{"href":"https:\/\/jms.com.bo\/mediamonitor\/wp-json\/wp\/v2\/posts"}],"about":[{"href":"https:\/\/jms.com.bo\/mediamonitor\/wp-json\/wp\/v2\/types\/post"}],"author":[{"embeddable":true,"href":"https:\/\/jms.com.bo\/mediamonitor\/wp-json\/wp\/v2\/users\/4"}],"replies":[{"embeddable":true,"href":"https:\/\/jms.com.bo\/mediamonitor\/wp-json\/wp\/v2\/comments?post=40148"}],"version-history":[{"count":0,"href":"https:\/\/jms.com.bo\/mediamonitor\/wp-json\/wp\/v2\/posts\/40148\/revisions"}],"wp:featuredmedia":[{"embeddable":true,"href":"https:\/\/jms.com.bo\/mediamonitor\/wp-json\/wp\/v2\/media\/40149"}],"wp:attachment":[{"href":"https:\/\/jms.com.bo\/mediamonitor\/wp-json\/wp\/v2\/media?parent=40148"}],"wp:term":[{"taxonomy":"category","embeddable":true,"href":"https:\/\/jms.com.bo\/mediamonitor\/wp-json\/wp\/v2\/categories?post=40148"},{"taxonomy":"post_tag","embeddable":true,"href":"https:\/\/jms.com.bo\/mediamonitor\/wp-json\/wp\/v2\/tags?post=40148"}],"curies":[{"name":"wp","href":"https:\/\/api.w.org\/{rel}","templated":true}]}}