{"id":40163,"date":"2022-12-21T06:54:47","date_gmt":"2022-12-21T10:54:47","guid":{"rendered":"https:\/\/jms.com.bo\/mediamonitor\/2022\/12\/21\/gobierno-garantiza-estabilidad-de-precios-y-en-2023-pondra-enfasis-en-proyectos-de-industrializacion\/"},"modified":"2022-12-21T06:54:47","modified_gmt":"2022-12-21T10:54:47","slug":"gobierno-garantiza-estabilidad-de-precios-y-en-2023-pondra-enfasis-en-proyectos-de-industrializacion","status":"publish","type":"post","link":"https:\/\/jms.com.bo\/mediamonitor\/2022\/12\/21\/gobierno-garantiza-estabilidad-de-precios-y-en-2023-pondra-enfasis-en-proyectos-de-industrializacion\/","title":{"rendered":"Gobierno garantiza estabilidad de precios y en 2023 pondr\u00e1 \u00e9nfasis en proyectos de industrializaci\u00f3n"},"content":{"rendered":"<p style=\"text-align: justify;\">\u00abBolivia mantuvo un crecimiento econ\u00f3mico sostenido y estabilidad de precios\u00bb, asegur\u00f3 el ministro de Econom\u00eda y Finanzas P\u00fablicas, Marcelo Montenegro, quien para 2023 prev\u00e9 que el pa\u00eds \u00abcontinuar\u00e1 en la senda de crecimiento, con \u00e9nfasis en los proyectos de industrializaci\u00f3n con sustituci\u00f3n de importaciones\u00bb.<\/p>\n<p style=\"text-align: justify;\">Despu\u00e9s de realizar una evaluaci\u00f3n, Montenegro record\u00f3 que en el contexto internacional uno de los principales efectos que dej\u00f3 la guerra entre Rusia y Ucrania ha sido el incremento de los precios de las materias primas, de los alimentos, de los energ\u00e9ticos, los que se ha traducido en un aumento sostenido del nivel de precios a nivel internacional.<\/p>\n<p style=\"text-align: justify;\">Para frenar las tasas de inflaci\u00f3n las potencias mundiales incrementaron las tasas de inter\u00e9s, encareciendo el acceso a cr\u00e9ditos financieros, con lo cual se desaceler\u00f3 la expansi\u00f3n econ\u00f3mica, seg\u00fan explic\u00f3 el ministro.<\/p>\n<p style=\"text-align: justify;\">\u201cLa econom\u00eda boliviana ha tenido un buen desempe\u00f1o; en un entorno enrarecido de alta volatilidad, incertidumbre a nivel mundial. En contraste, la econom\u00eda boliviana ha mantenido estabilidad de precios y crecimiento econ\u00f3mico\u201d, resalt\u00f3 el ministro.<\/p>\n<p style=\"text-align: justify;\">Montenegro destac\u00f3 que como reflejo de la recuperaci\u00f3n econ\u00f3mica, la facturaci\u00f3n de los restaurantes se increment\u00f3 en 22% hasta octubre de 2022, en comparaci\u00f3n con 2021, de igual forma se registr\u00f3 un aumento en la facturaci\u00f3n de los hoteles en 37% y del transporte a\u00e9reo en 68% durante el per\u00edodo se\u00f1alado.<\/p>\n<p style=\"text-align: justify;\">Adem\u00e1s, el empleo ha ido en aumento y, para octubre de 2022, son m\u00e1s de cuatro millones las personas que cuentan con un puesto de trabajo. A noviembre de 2022, Bolivia registra una inflaci\u00f3n de 3% y se consolida como el \u00edndice de inflaci\u00f3n m\u00e1s baja de Sudam\u00e9rica, producto de las medidas aplicadas por el Gobierno para estabilizar los precios de la canasta familiar.<\/p>\n<p style=\"text-align: justify;\">De igual forma, el sistema financiero se mantiene solvente con un incremento en los ahorros y los cr\u00e9ditos al sector productivo, con una mora de 2,2% a octubre de 2022.<\/p>\n<p style=\"text-align: justify;\">Para el pr\u00f3ximo a\u00f1o, el Gobierno perfila mantener la estabilidad econ\u00f3mica, una inflaci\u00f3n controlada con \u00e9nfasis en los proyectos de industrializaci\u00f3n con sustituci\u00f3n de importaciones.<\/p>\n<p style=\"text-align: justify;\">\u201cEl 2023 es un a\u00f1o para seguir reconstruyendo la econom\u00eda con una tasa de crecimiento positivo, estabilidad de precios y un modelo que ir\u00e1 sustituyendo las importaciones gradualmente para generar un sector productivo con industrializaci\u00f3n en qu\u00edmica b\u00e1sica, industria farmac\u00e9utica\u201d y muchos proyectos productivos\u201d, remarc\u00f3 Montenegro.<\/p>\n","protected":false},"excerpt":{"rendered":"<p>\u00abBolivia mantuvo un crecimiento econ\u00f3mico sostenido y estabilidad de precios\u00bb, asegur\u00f3 el ministro de Econom\u00eda y Finanzas P\u00fablicas, Marcelo Montenegro, quien para 2023 prev\u00e9 que el pa\u00eds \u00abcontinuar\u00e1 en la senda de crecimiento, con \u00e9nfasis en los proyectos de industrializaci\u00f3n con sustituci\u00f3n de importaciones\u00bb. Despu\u00e9s de realizar una evaluaci\u00f3n, Montenegro record\u00f3 que en el contexto [&hellip;]<\/p>\n","protected":false},"author":4,"featured_media":40164,"comment_status":"open","ping_status":"open","sticky":false,"template":"","format":"standard","meta":{"footnotes":""},"categories":[25,45,48],"tags":[],"class_list":{"0":"post-40163","1":"post","2":"type-post","3":"status-publish","4":"format-standard","5":"has-post-thumbnail","7":"category-economia","8":"category-portada-economia","9":"category-portada-general-sitio"},"_links":{"self":[{"href":"https:\/\/jms.com.bo\/mediamonitor\/wp-json\/wp\/v2\/posts\/40163","targetHints":{"allow":["GET"]}}],"collection":[{"href":"https:\/\/jms.com.bo\/mediamonitor\/wp-json\/wp\/v2\/posts"}],"about":[{"href":"https:\/\/jms.com.bo\/mediamonitor\/wp-json\/wp\/v2\/types\/post"}],"author":[{"embeddable":true,"href":"https:\/\/jms.com.bo\/mediamonitor\/wp-json\/wp\/v2\/users\/4"}],"replies":[{"embeddable":true,"href":"https:\/\/jms.com.bo\/mediamonitor\/wp-json\/wp\/v2\/comments?post=40163"}],"version-history":[{"count":0,"href":"https:\/\/jms.com.bo\/mediamonitor\/wp-json\/wp\/v2\/posts\/40163\/revisions"}],"wp:featuredmedia":[{"embeddable":true,"href":"https:\/\/jms.com.bo\/mediamonitor\/wp-json\/wp\/v2\/media\/40164"}],"wp:attachment":[{"href":"https:\/\/jms.com.bo\/mediamonitor\/wp-json\/wp\/v2\/media?parent=40163"}],"wp:term":[{"taxonomy":"category","embeddable":true,"href":"https:\/\/jms.com.bo\/mediamonitor\/wp-json\/wp\/v2\/categories?post=40163"},{"taxonomy":"post_tag","embeddable":true,"href":"https:\/\/jms.com.bo\/mediamonitor\/wp-json\/wp\/v2\/tags?post=40163"}],"curies":[{"name":"wp","href":"https:\/\/api.w.org\/{rel}","templated":true}]}}