{"id":40165,"date":"2022-12-21T06:57:16","date_gmt":"2022-12-21T10:57:16","guid":{"rendered":"https:\/\/jms.com.bo\/mediamonitor\/2022\/12\/21\/colombia-recibe-un-prestamo-del-banco-mundial-de-940-millones-de-euros-para-acelerar-la-transicion-energetica\/"},"modified":"2022-12-21T06:57:16","modified_gmt":"2022-12-21T10:57:16","slug":"colombia-recibe-un-prestamo-del-banco-mundial-de-940-millones-de-euros-para-acelerar-la-transicion-energetica","status":"publish","type":"post","link":"https:\/\/jms.com.bo\/mediamonitor\/2022\/12\/21\/colombia-recibe-un-prestamo-del-banco-mundial-de-940-millones-de-euros-para-acelerar-la-transicion-energetica\/","title":{"rendered":"Colombia recibe un pr\u00e9stamo del Banco Mundial de 940 millones de euros para acelerar la transici\u00f3n energ\u00e9tica"},"content":{"rendered":"<p style=\"text-align: justify;\">El pr\u00e9stamo, autorizado por el directorio del Banco Mundial, apoyar\u00e1 un programa de reformas dirigidas a acelerar la transformaci\u00f3n a bajas emisiones de los sectores de energ\u00eda y transporte. Adem\u00e1s, se emplear\u00e1 para aumentar la capacidad de producci\u00f3n de energ\u00edas renovables no convencionales y el desarrollo de una industria del hidr\u00f3geno verde, informa Europa Press.<\/p>\n<p style=\"text-align: justify;\">Con el objetivo de fomentar un desarrollo resiliente al cambio clim\u00e1tico, el programa dar\u00e1 apoyo al fortalecimiento de determinados sectores como el agr\u00edcola para mitigar el impacto que tienen los choques climaticos en las \u00e1reas rurales, adem\u00e1s de promover un uso sostenible de la tierra, protegiendo principalmente los p\u00e1ramos, as\u00ed como buscar alternativas en los sistemas de ganader\u00eda para que estos tambi\u00e9n sean sostenibles.<\/p>\n<p style=\"text-align: justify;\">Jos\u00e9 Antonio Ocampo, ministro de Hacienda de Colombia: \u00abhoy alcanzamos un gran hito en la relaci\u00f3n de Colombia con la banca multilateral al aprobar la operaci\u00f3n de apoyo presupuestal m\u00e1s grande en la historia del pa\u00eds. Este cr\u00e9dito por US$ 1.000 millones con el Banco Mundial es una clara se\u00f1al de confianza en las instituciones colombianas y un reconocimiento a los esfuerzos de la Naci\u00f3n por integrar la agenda de cambio clim\u00e1tico con una ambiciosa agenda social y econ\u00f3mica (&#8230;) es un respaldo a la apuesta en transici\u00f3n energ\u00e9tica, mejora en el uso de la tierra y protecci\u00f3n de nuestro patrimonio natural\u201d.<\/p>\n<p style=\"text-align: justify;\">Por su parte, el director del Banco Mundial para Colombia, M\u00e9xico y Venezuela, Mark Thomas, ha se\u00f1alado que esta inversi\u00f3n permite abordar el cambio clim\u00e1tico a trav\u00e9s de reformas que abran paso a un desarrollo sostenible.<\/p>\n<p style=\"text-align: justify;\">El Ministerio de Hacienda y Cr\u00e9dito P\u00fablico y el Departamento Nacional de Planeaci\u00f3n de Colombia ser\u00e1n los responsables de la coordinaci\u00f3n t\u00e9cnica e implementaci\u00f3n de este pr\u00e9stamo.<\/p>\n","protected":false},"excerpt":{"rendered":"<p>El pr\u00e9stamo, autorizado por el directorio del Banco Mundial, apoyar\u00e1 un programa de reformas dirigidas a acelerar la transformaci\u00f3n a bajas emisiones de los sectores de energ\u00eda y transporte. Adem\u00e1s, se emplear\u00e1 para aumentar la capacidad de producci\u00f3n de energ\u00edas renovables no convencionales y el desarrollo de una industria del hidr\u00f3geno verde, informa Europa Press. [&hellip;]<\/p>\n","protected":false},"author":4,"featured_media":40166,"comment_status":"open","ping_status":"open","sticky":false,"template":"","format":"standard","meta":{"footnotes":""},"categories":[39],"tags":[],"class_list":{"0":"post-40165","1":"post","2":"type-post","3":"status-publish","4":"format-standard","5":"has-post-thumbnail","7":"category-energia"},"_links":{"self":[{"href":"https:\/\/jms.com.bo\/mediamonitor\/wp-json\/wp\/v2\/posts\/40165","targetHints":{"allow":["GET"]}}],"collection":[{"href":"https:\/\/jms.com.bo\/mediamonitor\/wp-json\/wp\/v2\/posts"}],"about":[{"href":"https:\/\/jms.com.bo\/mediamonitor\/wp-json\/wp\/v2\/types\/post"}],"author":[{"embeddable":true,"href":"https:\/\/jms.com.bo\/mediamonitor\/wp-json\/wp\/v2\/users\/4"}],"replies":[{"embeddable":true,"href":"https:\/\/jms.com.bo\/mediamonitor\/wp-json\/wp\/v2\/comments?post=40165"}],"version-history":[{"count":0,"href":"https:\/\/jms.com.bo\/mediamonitor\/wp-json\/wp\/v2\/posts\/40165\/revisions"}],"wp:featuredmedia":[{"embeddable":true,"href":"https:\/\/jms.com.bo\/mediamonitor\/wp-json\/wp\/v2\/media\/40166"}],"wp:attachment":[{"href":"https:\/\/jms.com.bo\/mediamonitor\/wp-json\/wp\/v2\/media?parent=40165"}],"wp:term":[{"taxonomy":"category","embeddable":true,"href":"https:\/\/jms.com.bo\/mediamonitor\/wp-json\/wp\/v2\/categories?post=40165"},{"taxonomy":"post_tag","embeddable":true,"href":"https:\/\/jms.com.bo\/mediamonitor\/wp-json\/wp\/v2\/tags?post=40165"}],"curies":[{"name":"wp","href":"https:\/\/api.w.org\/{rel}","templated":true}]}}