{"id":40167,"date":"2022-12-21T06:58:27","date_gmt":"2022-12-21T10:58:27","guid":{"rendered":"https:\/\/jms.com.bo\/mediamonitor\/2022\/12\/21\/retiran-transformadores-viejos-que-contenian-149-toneladas-de-compuestos-de-amenaza-toxica\/"},"modified":"2022-12-21T06:58:27","modified_gmt":"2022-12-21T10:58:27","slug":"retiran-transformadores-viejos-que-contenian-149-toneladas-de-compuestos-de-amenaza-toxica","status":"publish","type":"post","link":"https:\/\/jms.com.bo\/mediamonitor\/2022\/12\/21\/retiran-transformadores-viejos-que-contenian-149-toneladas-de-compuestos-de-amenaza-toxica\/","title":{"rendered":"Retiran transformadores viejos que conten\u00edan 149 toneladas de compuestos de amenaza t\u00f3xica"},"content":{"rendered":"<p style=\"text-align: justify;\">Inadvertidos en las calles, decenas de transformadores de hasta m\u00e1s de 50 a\u00f1os se manten\u00edan en el pa\u00eds pese a ser una amenaza silenciosa para el medio ambiente y la salud de la poblaci\u00f3n. Este martes, se hizo un operativo para retirarlos y con ellos al menos 149 toneladas de compuestos nocivos.<\/p>\n<p style=\"text-align: justify;\">\u201cHemos estado trabajando en el recojo de estos bifenilos policlorados, que son unos transformadores que est\u00e1n ah\u00ed colgados en los postes desde la antig\u00fcedad. Algunos son de los a\u00f1os 70, 80, 90 (\u2026). A la fecha estos transformadores tienen tecnolog\u00eda reciclable pero las antiguas no, por eso eran bastante t\u00f3xicos\u201d, explic\u00f3 el viceministerio de Medio Ambiente, Mag\u00edn Herrera.<\/p>\n<p style=\"text-align: justify;\">A lo largo de la gesti\u00f3n, el Viceministerio de Medio Ambiente, Biodiversidad, Cambios Clim\u00e1ticos y de Gesti\u00f3n y Desarrollo Forestal, en coordinaci\u00f3n con empresas distribuidoras de energ\u00eda el\u00e9ctrica, identificaron los dispositivos que tienen compuestos qu\u00edmicos denominados bifenilos policlorados.<\/p>\n<p style=\"text-align: justify;\">Identificados los transformadores que conten\u00edan este compuesto, se organiz\u00f3 y ejecut\u00f3 el operativo para retirarlos de las calles. Pero estos no son los \u00fanicos, todav\u00eda se trabaja en la ubicaci\u00f3n de otros dispositivos en el pa\u00eds para proceder a su aislamiento. Luego, ser\u00e1n remitidos a un centro especial para su tratamiento.<\/p>\n<p style=\"text-align: justify;\">\u201cHemos retirado 149 toneladas de bifenilos policlorados. Este proyecto tuvo un costo de 2 millones de d\u00f3lares (\u2026). En Santa Cruz las que se han reciclado se quedan y las que no, se ir\u00e1n hacia la deposici\u00f3n final en Par\u00eds, para llevar a ese pa\u00eds tenemos que hacerlo por navegaci\u00f3n v\u00eda Panam\u00e1 y ya tenemos los permisos\u201d, puntualiz\u00f3 la autoridad.<\/p>\n<p style=\"text-align: justify;\">TRANSFORMADORES<\/p>\n<p style=\"text-align: justify;\">Herrera a\u00f1adi\u00f3 que un primer estudio sobre bifenilos policlorados daba cuenta de la existencia de 149 toneladas, sin embargo, se realizar\u00e1 un segundo que dar\u00e1 luces en torno a la presencia de estos dispositivos en otras regiones del pa\u00eds, los cuales tambi\u00e9n deber\u00e1n ser retirados. En primera instancia, las intervenciones fueron en el oriente del pa\u00eds y Tarija.<\/p>\n<p style=\"text-align: justify;\">\u201cLo que nos toca es volver a hacer el estudio, cuantificar cu\u00e1l es la cantidad que se tiene y en base a ello calcular el presupuesto que se requiere y el tiempo que se necesita para retirar. Pero lo m\u00e1s fuerte ya est\u00e1 aislado y eso es lo que nos debe tranquilizar a los bolivianos. En Sudam\u00e9rica Bolivia ha sido el segundo pa\u00eds en implementar este tipo de proyectos\u201d.<\/p>\n<p style=\"text-align: justify;\">La presencia de bifenilos policlorados causa efectos para el medio ambiente puesto que no se descomponen f\u00e1cilmente y permanecen durante muchos a\u00f1os, tendiendo a migrar con facilidad por mecanismos de transporte a trav\u00e9s del aire, agua y suelo.<\/p>\n<p style=\"text-align: justify;\">Las personas pueden absorber los bifenilos policlorados al consumir alimentos contaminados y en menor medida al respirar aire contaminado o a trav\u00e9s de la piel. Estos elementos, una vez que ingresan al organismo, aumentan el riesgo de padecer diferentes tipos de c\u00e1ncer principalmente en el aparato digestivo.<\/p>\n","protected":false},"excerpt":{"rendered":"<p>Inadvertidos en las calles, decenas de transformadores de hasta m\u00e1s de 50 a\u00f1os se manten\u00edan en el pa\u00eds pese a ser una amenaza silenciosa para el medio ambiente y la salud de la poblaci\u00f3n. Este martes, se hizo un operativo para retirarlos y con ellos al menos 149 toneladas de compuestos nocivos. \u201cHemos estado trabajando [&hellip;]<\/p>\n","protected":false},"author":4,"featured_media":40168,"comment_status":"open","ping_status":"open","sticky":false,"template":"","format":"standard","meta":{"footnotes":""},"categories":[39,44,48],"tags":[],"class_list":{"0":"post-40167","1":"post","2":"type-post","3":"status-publish","4":"format-standard","5":"has-post-thumbnail","7":"category-energia","8":"category-portada-energia","9":"category-portada-general-sitio"},"_links":{"self":[{"href":"https:\/\/jms.com.bo\/mediamonitor\/wp-json\/wp\/v2\/posts\/40167","targetHints":{"allow":["GET"]}}],"collection":[{"href":"https:\/\/jms.com.bo\/mediamonitor\/wp-json\/wp\/v2\/posts"}],"about":[{"href":"https:\/\/jms.com.bo\/mediamonitor\/wp-json\/wp\/v2\/types\/post"}],"author":[{"embeddable":true,"href":"https:\/\/jms.com.bo\/mediamonitor\/wp-json\/wp\/v2\/users\/4"}],"replies":[{"embeddable":true,"href":"https:\/\/jms.com.bo\/mediamonitor\/wp-json\/wp\/v2\/comments?post=40167"}],"version-history":[{"count":0,"href":"https:\/\/jms.com.bo\/mediamonitor\/wp-json\/wp\/v2\/posts\/40167\/revisions"}],"wp:featuredmedia":[{"embeddable":true,"href":"https:\/\/jms.com.bo\/mediamonitor\/wp-json\/wp\/v2\/media\/40168"}],"wp:attachment":[{"href":"https:\/\/jms.com.bo\/mediamonitor\/wp-json\/wp\/v2\/media?parent=40167"}],"wp:term":[{"taxonomy":"category","embeddable":true,"href":"https:\/\/jms.com.bo\/mediamonitor\/wp-json\/wp\/v2\/categories?post=40167"},{"taxonomy":"post_tag","embeddable":true,"href":"https:\/\/jms.com.bo\/mediamonitor\/wp-json\/wp\/v2\/tags?post=40167"}],"curies":[{"name":"wp","href":"https:\/\/api.w.org\/{rel}","templated":true}]}}