{"id":40169,"date":"2022-12-21T07:00:36","date_gmt":"2022-12-21T11:00:36","guid":{"rendered":"https:\/\/jms.com.bo\/mediamonitor\/2022\/12\/21\/sepa-como-medir-el-consumo-de-energia-durante-fin-de-ano\/"},"modified":"2022-12-21T07:00:36","modified_gmt":"2022-12-21T11:00:36","slug":"sepa-como-medir-el-consumo-de-energia-durante-fin-de-ano","status":"publish","type":"post","link":"https:\/\/jms.com.bo\/mediamonitor\/2022\/12\/21\/sepa-como-medir-el-consumo-de-energia-durante-fin-de-ano\/","title":{"rendered":"Sepa c\u00f3mo medir el consumo de energ\u00eda durante fin de a\u00f1o"},"content":{"rendered":"<p style=\"text-align: justify;\">Diciembre y enero son considerados periodos de mayor consumo energ\u00e9tico en el a\u00f1o. Se estima que el incremento del consumo est\u00e1 en un 30% y 40%, en comparaci\u00f3n a los otros meses. Esto se debe a los diferentes eventos que se realizan durante esta \u00e9poca.<\/p>\n<p style=\"text-align: justify;\">Si bien cada a\u00f1o se ha normalizado el alto consumo de energ\u00eda, en estos dos meses se debe tener en cuenta que, conforme pasa el tiempo, el deterioro del medioambiente y la biodiversidad avanza, produciendo as\u00ed una aceleraci\u00f3n en el cambio clim\u00e1tico.<\/p>\n<p style=\"text-align: justify;\">En 2014, cient\u00edficos de la NASA demostraron con im\u00e1genes satelitales que la iluminaci\u00f3n de las ciudades es mucho m\u00e1s visible desde el espacio en fiestas de fin de a\u00f1o, esto debido a la iluminaci\u00f3n navide\u00f1a. A eso se suma el excesivo uso del aire acondicionado por las altas temperaturas, con el costo ambiental que supone.<\/p>\n<p style=\"text-align: justify;\">Justamente en noviembre, la ciudad de Santa Cruz bati\u00f3 su segundo r\u00e9cord hist\u00f3rico en demanda de energ\u00eda el\u00e9ctrica llegando a los 761 megavatios (MW), m\u00e1s de la mitad del consumo de todo el pa\u00eds, que promedia los 1.500 MW, esto debido a las altas temperaturas de m\u00e1s de 40 grados, provocando el uso de acondicionadores de aire y ventiladores.<\/p>\n<p style=\"text-align: justify;\">Por este motivo, M\u00f3nica Cabrera, representante de Schneider Electric Bolivia, organizaci\u00f3n que trabaja en la gesti\u00f3n eficiente de la energ\u00eda y la automatizaci\u00f3n, comparti\u00f3 algunas recomendaciones, que apuntan a reducir la huella energ\u00e9tica y promover una conciencia del uso eficiente de energ\u00eda para las fiestas de fin de a\u00f1o.<\/p>\n<p style=\"text-align: justify;\">\u00bfC\u00f3mo reducir la huella energ\u00e9tica este fin de a\u00f1o?<\/p>\n<p style=\"text-align: justify;\">Cambia los focos, ya sea de la casa o del \u00e1rbol navide\u00f1o, por luces LED. Estos consumen un 90% menos de energ\u00eda que los focos normales.<\/p>\n<p style=\"text-align: justify;\">Procure apagar y desconectar los equipos el\u00e9ctricos que no use, como cargadores de celular, lavadoras, aires acondicionados, etc.<\/p>\n<p style=\"text-align: justify;\">Encienda sus luces navide\u00f1as cuando sea necesario, no las mantenga prendidas toda la noche.<\/p>\n<p style=\"text-align: justify;\">Aprovecha al m\u00e1ximo la luz natural.<\/p>\n<p style=\"text-align: justify;\">Apague las luces o incluya sensores de presencia que puedan hacer m\u00e1s eficiente el uso de la energ\u00eda.<\/p>\n<p style=\"text-align: justify;\">Revise las conexiones de manera frecuente, esto ayuda a evitar el escape de energ\u00eda en casa.<\/p>\n<p style=\"text-align: justify;\">Utilice interruptores que grad\u00faan la intensidad en las luces.<\/p>\n<p style=\"text-align: justify;\">\u201cEl resolver la crisis clim\u00e1tica no depende de una sola persona; sino de que todos empecemos a modificar nuestros h\u00e1bitos, esto ayudar\u00e1 a la reducci\u00f3n de la huella de carbono. Cuanta m\u00e1s informaci\u00f3n tenemos sobre la huella ambiental de un producto, mejores ser\u00e1n nuestras elecciones\u201d, recalc\u00f3 Cabrera.<\/p>\n<p style=\"text-align: justify;\">Al recalcar que el uso eficiente de la energ\u00eda contribuir\u00e1 no s\u00f3lo a la disminuci\u00f3n de la huella ambiental, sino tambi\u00e9n ser\u00e1 el promotor de una econom\u00eda m\u00e1s sustentable.<\/p>\n","protected":false},"excerpt":{"rendered":"<p>Diciembre y enero son considerados periodos de mayor consumo energ\u00e9tico en el a\u00f1o. Se estima que el incremento del consumo est\u00e1 en un 30% y 40%, en comparaci\u00f3n a los otros meses. Esto se debe a los diferentes eventos que se realizan durante esta \u00e9poca. Si bien cada a\u00f1o se ha normalizado el alto consumo [&hellip;]<\/p>\n","protected":false},"author":4,"featured_media":40170,"comment_status":"open","ping_status":"open","sticky":false,"template":"","format":"standard","meta":{"footnotes":""},"categories":[39],"tags":[],"class_list":{"0":"post-40169","1":"post","2":"type-post","3":"status-publish","4":"format-standard","5":"has-post-thumbnail","7":"category-energia"},"_links":{"self":[{"href":"https:\/\/jms.com.bo\/mediamonitor\/wp-json\/wp\/v2\/posts\/40169","targetHints":{"allow":["GET"]}}],"collection":[{"href":"https:\/\/jms.com.bo\/mediamonitor\/wp-json\/wp\/v2\/posts"}],"about":[{"href":"https:\/\/jms.com.bo\/mediamonitor\/wp-json\/wp\/v2\/types\/post"}],"author":[{"embeddable":true,"href":"https:\/\/jms.com.bo\/mediamonitor\/wp-json\/wp\/v2\/users\/4"}],"replies":[{"embeddable":true,"href":"https:\/\/jms.com.bo\/mediamonitor\/wp-json\/wp\/v2\/comments?post=40169"}],"version-history":[{"count":0,"href":"https:\/\/jms.com.bo\/mediamonitor\/wp-json\/wp\/v2\/posts\/40169\/revisions"}],"wp:featuredmedia":[{"embeddable":true,"href":"https:\/\/jms.com.bo\/mediamonitor\/wp-json\/wp\/v2\/media\/40170"}],"wp:attachment":[{"href":"https:\/\/jms.com.bo\/mediamonitor\/wp-json\/wp\/v2\/media?parent=40169"}],"wp:term":[{"taxonomy":"category","embeddable":true,"href":"https:\/\/jms.com.bo\/mediamonitor\/wp-json\/wp\/v2\/categories?post=40169"},{"taxonomy":"post_tag","embeddable":true,"href":"https:\/\/jms.com.bo\/mediamonitor\/wp-json\/wp\/v2\/tags?post=40169"}],"curies":[{"name":"wp","href":"https:\/\/api.w.org\/{rel}","templated":true}]}}