{"id":40238,"date":"2022-12-23T06:52:29","date_gmt":"2022-12-23T10:52:29","guid":{"rendered":"https:\/\/jms.com.bo\/mediamonitor\/2022\/12\/22\/levantan-bloqueo-en-desaguadero-pero-aun-hay-cortes-de-via\/"},"modified":"2022-12-23T06:53:27","modified_gmt":"2022-12-23T10:53:27","slug":"levantan-bloqueo-en-desaguadero-pero-aun-hay-cortes-de-via-2","status":"publish","type":"post","link":"https:\/\/jms.com.bo\/mediamonitor\/2022\/12\/23\/levantan-bloqueo-en-desaguadero-pero-aun-hay-cortes-de-via-2\/","title":{"rendered":"Levantan bloqueo en Desaguadero, pero a\u00fan hay cortes de v\u00eda"},"content":{"rendered":"<p class=\"p_0\" style=\"text-align: justify;\">Los pobladores de la parte peruana de la ciudad binacional de Desaguadero decidieron el martes levantar el bloqueo que manten\u00edan en la frontera con Bolivia, iniciando una tregua que durar\u00e1 hasta el 4 de enero, informaron medios regionales peruanos. Sin embargo, las carreteras que unen la localidad fronteriza con el resto del vecino pa\u00eds a\u00fan presentan bloqueos parciales.<\/p>\n<p class=\"p_1\" style=\"text-align: justify;\">\u201cLevantar el bloqueo por parte de la Central \u00danica de Barrios del Distrito de Desaguadero, de los gremios que est\u00e1n ah\u00ed y de la poblaci\u00f3n en general para poder tener una tregua por las fechas de Navidad y A\u00f1o Nuevo\u201d, se\u00f1ala el comunicado de las organizaciones sociales de la ciudad fronteriza.<\/p>\n<p class=\"p_2\" style=\"text-align: justify;\">De acuerdo con reportes de prensa, luego de esta tregua, que se hizo p\u00fablica la noche del martes, los viajes hasta Per\u00fa desde La Paz se normalizaron. Desde la Terminal de Buses informaron que el primer bus hacia el vecino pa\u00eds parti\u00f3 a las 8:00 de ayer.<\/p>\n<p class=\"p_3\" style=\"text-align: justify;\">\u201cAyer ya se abri\u00f3 la frontera. Ya va a salir a las 8:00 el primer bus, desde ayer se est\u00e1n acercando los pasajeros\u201d, coment\u00f3 la representante de una de las empresas de buses, de acuerdo con un reporte del martes por la noche a trav\u00e9s de la Red Uno.<\/p>\n<p class=\"p_4\" style=\"text-align: justify;\">Adem\u00e1s, en la zona Cementerio de la urbe pace\u00f1a los transportistas comenzaron a realizar el cargu\u00edo de pasajeros para emprender viajes a la localidad de Desaguadero.<\/p>\n<p class=\"p_5\" style=\"text-align: justify;\">Por su parte, el viceministro de Comercio Exterior, Benjam\u00edn Blanco, indic\u00f3 que a partir de las 9:00 se abrieron las aduanas de Per\u00fa y Bolivia para facilitar el paso de los camiones varados en la frontera y que la suspensi\u00f3n de los bloqueos es temporal y s\u00f3lo en Desaguadero para que las familias peruanas se puedan abastecer y activar el comercio que pr\u00e1cticamente mantiene a los pobladores.<\/p>\n<p class=\"p_6\" style=\"text-align: justify;\">\u201cNuestras aduanas, nuestros servicios en Desaguadero ya han coordinado con la Aduana del Per\u00fa para reabrir la frontera a partir de las 9:00 y en horas de la tardes estar\u00edan pasando los camiones, del lado boliviano al lado peruano\u201d, complement\u00f3.<\/p>\n<p class=\"p_7\" style=\"text-align: justify;\">Bloqueos contin\u00faan<\/p>\n<p class=\"p_8\" style=\"text-align: justify;\">Seg\u00fan el \u00faltimo reporte de la Superintendencia de Transporte de Personas (Sutran) de Per\u00fa, as\u00ed como medios locales, los bloqueos de carreteras contin\u00faan en Ilave, Juli y Zepita (localidades ubicadas entre Desaguadero y Puno). Asimismo, ayer se registr\u00f3 un paro de transporte con bloqueos de calles en la ciudad de Puno, demandando la renuncia de la presidenta Dina Boluarte, el cierre del Congreso y la convocatoria a una Asamblea Constituyente.<\/p>\n<p class=\"p_9\" style=\"text-align: justify;\">En la regi\u00f3n de Cusco se reportan al menos una docena de puntos de bloqueo.<\/p>\n","protected":false},"excerpt":{"rendered":"<p>Los pobladores de la parte peruana de la ciudad binacional de Desaguadero decidieron el martes levantar el bloqueo que manten\u00edan en la frontera con Bolivia, iniciando una tregua que durar\u00e1 hasta el 4 de enero, informaron medios regionales peruanos. Sin embargo, las carreteras que unen la localidad fronteriza con el resto del vecino pa\u00eds a\u00fan [&hellip;]<\/p>\n","protected":false},"author":1,"featured_media":40328,"comment_status":"open","ping_status":"open","sticky":false,"template":"","format":"standard","meta":{"footnotes":""},"categories":[49],"tags":[],"class_list":{"0":"post-40238","1":"post","2":"type-post","3":"status-publish","4":"format-standard","5":"has-post-thumbnail","7":"category-social"},"_links":{"self":[{"href":"https:\/\/jms.com.bo\/mediamonitor\/wp-json\/wp\/v2\/posts\/40238","targetHints":{"allow":["GET"]}}],"collection":[{"href":"https:\/\/jms.com.bo\/mediamonitor\/wp-json\/wp\/v2\/posts"}],"about":[{"href":"https:\/\/jms.com.bo\/mediamonitor\/wp-json\/wp\/v2\/types\/post"}],"author":[{"embeddable":true,"href":"https:\/\/jms.com.bo\/mediamonitor\/wp-json\/wp\/v2\/users\/1"}],"replies":[{"embeddable":true,"href":"https:\/\/jms.com.bo\/mediamonitor\/wp-json\/wp\/v2\/comments?post=40238"}],"version-history":[{"count":1,"href":"https:\/\/jms.com.bo\/mediamonitor\/wp-json\/wp\/v2\/posts\/40238\/revisions"}],"predecessor-version":[{"id":40325,"href":"https:\/\/jms.com.bo\/mediamonitor\/wp-json\/wp\/v2\/posts\/40238\/revisions\/40325"}],"wp:featuredmedia":[{"embeddable":true,"href":"https:\/\/jms.com.bo\/mediamonitor\/wp-json\/wp\/v2\/media\/40328"}],"wp:attachment":[{"href":"https:\/\/jms.com.bo\/mediamonitor\/wp-json\/wp\/v2\/media?parent=40238"}],"wp:term":[{"taxonomy":"category","embeddable":true,"href":"https:\/\/jms.com.bo\/mediamonitor\/wp-json\/wp\/v2\/categories?post=40238"},{"taxonomy":"post_tag","embeddable":true,"href":"https:\/\/jms.com.bo\/mediamonitor\/wp-json\/wp\/v2\/tags?post=40238"}],"curies":[{"name":"wp","href":"https:\/\/api.w.org\/{rel}","templated":true}]}}